{"id":31345,"date":"2019-08-08T04:36:41","date_gmt":"2019-08-08T09:36:41","guid":{"rendered":"http:\/\/www.revistazetta.com\/?p=31345"},"modified":"2019-08-08T04:36:41","modified_gmt":"2019-08-08T09:36:41","slug":"distrito-reglamento-propaganda-electoral","status":"publish","type":"post","link":"https:\/\/revistazetta.com\/?p=31345","title":{"rendered":"Distrito reglament\u00f3 propaganda electoral"},"content":{"rendered":"<div>Mediante el Decreto 1083 del 6 de agosto de 2019, el Distrito reglament\u00f3 el n\u00famero m\u00e1ximo de cu\u00f1as radiales, de avisos en publicaciones escritas y vallas publicitarias permitidas a los partidos y movimientos pol\u00edticos, movimientos sociales y grupos significativos de ciudadanos, que avalan candidatos para las elecciones locales del 27 de octubre del presente a\u00f1o.<\/div>\n<div><\/div>\n<div>La medida se toma teniendo en cuenta que el art\u00edculo 28 de la Ley 130 de 1994 precisa que corresponde a los alcaldes y registradores regular la forma, caracter\u00edstica, lugares y condiciones para la fijaci\u00f3n de carteles, pasacalles y afiches destinados a difundir propaganda electoral, a fin de garantizar el acceso equitativo de los partidos, movimientos significativos y sociales que se inscribieron para esta contienda electoral. \u00a0El Decreto 1083 fue firmado por Martha Seidel Peralta, secretaria General de la Alcald\u00eda, quien funge como alcaldesa encargada; y los registradores especiales Jos\u00e9 Francisco Daza y Diego Mauricio Gutierrez Vanegas.<\/div>\n<div><\/div>\n<div>Estas son algunas de las medidas adoptadas:<\/div>\n<div><\/div>\n<div>\u2022 Un m\u00e1ximo de hasta de 20 vallas publicitarias de hasta 48 metros cuadrados por cada partido, movimiento pol\u00edtico con personer\u00eda jur\u00eddica, grupo significativo de ciudadanos y social. Deben tener la aprobaci\u00f3n de Planeaci\u00f3n Distrital para su instalaci\u00f3n.<\/div>\n<div><\/div>\n<div><\/div>\n<div>\u2022 Un m\u00e1ximo de 10 avisos hasta el tama\u00f1o de una p\u00e1gina por edici\u00f3n<\/div>\n<div><\/div>\n<div>\u2022 Un m\u00e1ximo de 60 cu\u00f1as radiales, cada una de hasta 30 segundos<\/div>\n<div><\/div>\n<div>\u2022 Un m\u00e1ximo de 30 pasacalles o pendones<\/div>\n<div><\/div>\n<div>\u2022 Un m\u00e1ximo de 100 carteles o afiches<\/div>\n<div><\/div>\n<div>\u2022 Los dem\u00e1s elementos publicitarios deben cumplir los requisitos y caracter\u00edsticas del acuerdo 041 de 2007.<\/div>\n<div><\/div>\n<div><\/div>\n<div><\/div>\n<div>\u2022 No se permite publicidad exterior en edificios y oficinas de entidades y empresas p\u00fablicas, mobiliario urbano, plazas y calles, plazas y calles del Centro Hist\u00f3rico, en monumentos hist\u00f3ricos, culturales, arqueol\u00f3gicos, murallas, playas, puentes, escenarios deportivos y sitios para el culto religioso<\/div>\n<div><\/div>\n<div><\/div>\n<div><\/div>\n<div>\u2022 Los partidos pol\u00edticos, movimientos significativos de ciudadanos, movimientos sociales y empresas publicitarias deben registrar ante la Secretar\u00eda de Planeaci\u00f3n el n\u00famero, clase, ubicaci\u00f3n de los elementos publicitarios dedicados a difundir propaganda electoral.<\/div>\n<div><\/div>\n<div>\u2022 Los particulares que apoyen partidos pol\u00edticos, movimientos significativos de ciudadanos y movimiento sociales deben tener permiso de los partidos, movimientos significativos y sociales, para instalas vallas, pasacalles, avisos a fin que no se violen los topes m\u00e1ximos permitidos.<\/div>\n<div><\/div>\n<div><\/div>\n<div>Lugares autorizados<\/div>\n<div><\/div>\n<div><\/div>\n<div>\u2022 El antejard\u00edn y fachadas de las sedes pol\u00edticas<\/div>\n<div>\u2022 Sitios autorizados por Planeaci\u00f3n Distrital para fijar vallas de propaganda electoral<\/div>\n<div>\u2022 Las manifestaciones o concentraciones deben tener permiso de la Secretar\u00eda del Interior y Convivencia y no deben interrumpir el tr\u00e1nsito de personas y solo por el tiempo permitido.<\/div>\n<div><\/div>\n<div>\u2022 En las plazas p\u00fablicas, excepto las del Centro Hist\u00f3rico, se permitir\u00e1 la publicidad m\u00f3vil, sin que interrumpa el tr\u00e1fico de personas.<\/div>\n<div><\/div>\n<div>\u2022 En las avenidas y calles se permitir\u00e1 propaganda electoral, sin que interrumpa el tr\u00e1fico de personas.<\/div>\n<div><\/div>\n<div><\/div>\n<div>Los alcaldes locales velar\u00e1n por el cumplimiento sobre las normas nacionales y distritales sobre propaganda electoral y en caso de infracciones remitir\u00e1n al Consejo Nacional Electoral las pruebas para las respectivas sanciones.<\/div>\n<div><\/div>\n<div>A los 3 d\u00edas de terminado el proceso electoral, los partidos pol\u00edticos, movimientos significativos y sociales deben retirar los elementos publicitarios que hayan utilizado.<\/div>\n<div><\/div>\n<div>Comunicado<\/div>\n","protected":false},"excerpt":{"rendered":"<p>Mediante el Decreto 1083 del 6 de agosto de 2019, el Distrito reglament\u00f3 el n\u00famero m\u00e1ximo de cu\u00f1as radiales, de avisos en publicaciones escritas y vallas publicitarias permitidas a los partidos y movimientos pol\u00edticos, movimientos sociales y grupos significativos de ciudadanos, que avalan candidatos para las elecciones locales del 27 de octubre del presente a\u00f1o. La medida se toma teniendo en cuenta que el art\u00edculo 28 de la Ley 130 de 1994 precisa que corresponde a los alcaldes y registradores regular la forma, caracter\u00edstica, lugares y condiciones para la fijaci\u00f3n&#8230; <\/p>\n","protected":false},"author":3,"featured_media":31342,"comment_status":"open","ping_status":"closed","sticky":false,"template":"","format":"standard","meta":{"footnotes":"","_links_to":"","_links_to_target":""},"categories":[2,75],"tags":[],"class_list":["post-31345","post","type-post","status-publish","format-standard","has-post-thumbnail","hentry","category-actualidad","category-destacada"],"_links":{"self":[{"href":"https:\/\/revistazetta.com\/index.php?rest_route=\/wp\/v2\/posts\/31345","targetHints":{"allow":["GET"]}}],"collection":[{"href":"https:\/\/revistazetta.com\/index.php?rest_route=\/wp\/v2\/posts"}],"about":[{"href":"https:\/\/revistazetta.com\/index.php?rest_route=\/wp\/v2\/types\/post"}],"author":[{"embeddable":true,"href":"https:\/\/revistazetta.com\/index.php?rest_route=\/wp\/v2\/users\/3"}],"replies":[{"embeddable":true,"href":"https:\/\/revistazetta.com\/index.php?rest_route=%2Fwp%2Fv2%2Fcomments&post=31345"}],"version-history":[{"count":0,"href":"https:\/\/revistazetta.com\/index.php?rest_route=\/wp\/v2\/posts\/31345\/revisions"}],"wp:featuredmedia":[{"embeddable":true,"href":"https:\/\/revistazetta.com\/index.php?rest_route=\/wp\/v2\/media\/31342"}],"wp:attachment":[{"href":"https:\/\/revistazetta.com\/index.php?rest_route=%2Fwp%2Fv2%2Fmedia&parent=31345"}],"wp:term":[{"taxonomy":"category","embeddable":true,"href":"https:\/\/revistazetta.com\/index.php?rest_route=%2Fwp%2Fv2%2Fcategories&post=31345"},{"taxonomy":"post_tag","embeddable":true,"href":"https:\/\/revistazetta.com\/index.php?rest_route=%2Fwp%2Fv2%2Ftags&post=31345"}],"curies":[{"name":"wp","href":"https:\/\/api.w.org\/{rel}","templated":true}]}}