{"id":31346,"date":"2019-08-08T04:40:17","date_gmt":"2019-08-08T09:40:17","guid":{"rendered":"http:\/\/www.revistazetta.com\/?p=31346"},"modified":"2019-08-08T04:40:17","modified_gmt":"2019-08-08T09:40:17","slug":"sergio-londono-traslado-campana-la-zona-insular","status":"publish","type":"post","link":"https:\/\/revistazetta.com\/?p=31346","title":{"rendered":"Sergio Londo\u00f1o traslad\u00f3 su campa\u00f1a a la zona insular"},"content":{"rendered":"<p><img loading=\"lazy\" decoding=\"async\" class=\"aligncenter wp-image-31347 size-medium\" src=\"https:\/\/www.revistazetta.com\/wp-content\/uploads\/2019\/08\/SLZ-islas-2-300x200.jpg\" alt=\"\" width=\"300\" height=\"200\" srcset=\"https:\/\/revistazetta.com\/wp-content\/uploads\/2019\/08\/SLZ-islas-2-300x200.jpg 300w, https:\/\/revistazetta.com\/wp-content\/uploads\/2019\/08\/SLZ-islas-2-1024x682.jpg 1024w, https:\/\/revistazetta.com\/wp-content\/uploads\/2019\/08\/SLZ-islas-2-219x146.jpg 219w, https:\/\/revistazetta.com\/wp-content\/uploads\/2019\/08\/SLZ-islas-2-50x33.jpg 50w, https:\/\/revistazetta.com\/wp-content\/uploads\/2019\/08\/SLZ-islas-2-113x75.jpg 113w, https:\/\/revistazetta.com\/wp-content\/uploads\/2019\/08\/SLZ-islas-2.jpg 1280w\" sizes=\"auto, (max-width: 300px) 100vw, 300px\" \/><\/p>\n<p>El candidato a la Alcald\u00eda, Sergio Londo\u00f1o, quien gestion\u00f3 la reactivaci\u00f3n de las obras de protecci\u00f3n costera de Tierra Bomba y el pedrapl\u00e9n de Playetas, junto a la Gobernaci\u00f3n, siendo alcalde encargado, regres\u00f3 a Tierra Bomba, Bocachica y Ca\u00f1o del Oro a conectarse con los cartageneros residentes a trav\u00e9s de su din\u00e1mica de Caminatas de Esperanza.<\/p>\n<p>Desde muy temprano el cartagenero inici\u00f3 su jornada embarc\u00e1ndose a la zona insular desde La Bodeguita, uno de los puntos que acostumbra a recibir a los cartageneros que diariamente deben tomar una lancha para llegar a las instituciones de educaci\u00f3n superior, empresas para laborar y hasta para la atenci\u00f3n m\u00e9dica.<\/p>\n<p>\u201cHemos llegado por esos mismos caminos que recorren a diario estos cartageneros que se sienten olvidados. Hemos llegado con esta Caminata de Esperanza para decirles que no est\u00e1n solos y que necesitamos buen gobierno, oportunidades y seguridad para salir adelante\u201d<\/p>\n<p>Londo\u00f1o plantea la necesidad de trabajar en la adopci\u00f3n de instrumentos que permitan el desarrollo sostenible de la zona insular, haciendo incapi\u00e9 con su frase \u201chay que conectar lo desconectado\u201d a\u00f1adiendo que: \u201cNuestra zona insular tiene un potencial enorme que tenemos que aprovechar de la mano de sus habitantes, aqu\u00ed estamos para trabajar en lo que m\u00e1s necesitan, en agua, en salud, en las obras de pavimentaci\u00f3n de sus v\u00edas, el drenaje que han so\u00f1ado por a\u00f1os.\u201d<\/p>\n<p>El candidato a la Alcald\u00eda de los cartageneros por el partido Colombia Renaciente no es ajeno a las preocupaciones de los isle\u00f1os, pues siendo encargado gestion\u00f3 la construcci\u00f3n del pedrapl\u00e9n y v\u00eda de Playetas junto al Gobernador Turbay, y la reactivaci\u00f3n, despu\u00e9s de dos a\u00f1os de estar detenido, del mega proyecto de Protecci\u00f3n Costera de Tierra Bomba, que mitigar\u00eda los efectos de la erosi\u00f3n en la isla.<\/p>\n<p>*PROPUESTAS DE LONDO\u00d1O PARA LAS ISLAS*<\/p>\n<p>En su Programa de Gobierno puesto a disposici\u00f3n de todos los cartageneros en su p\u00e1gina oficial www.sergiolondonozurek.com, Sergio Londo\u00f1o contempla soluciones integrales para la poblaci\u00f3n de la zona insular, entre ellas la reactivaci\u00f3n de obras de infraestructura para la atenci\u00f3n en salud, tema en abandono debido a la crisis administrativa, y el \u00e9nfasis de la priorizaci\u00f3n del acceso de los docentes a las escuelas.<\/p>\n<p>Otras de sus propuestas es la ampliaci\u00f3n de la cobertura del sistema integrado de transporte masivo Transcaribe hacia esa zona, el cartagenero plantea la implementaci\u00f3n de un subsistema de transporte acu\u00e1tico, que eval\u00fae condiciones t\u00e9cnicas, ambientales, sociales, legales y financieras para mejorar la movilidad de esta poblaci\u00f3n.<\/p>\n","protected":false},"excerpt":{"rendered":"<p>El candidato a la Alcald\u00eda, Sergio Londo\u00f1o, quien gestion\u00f3 la reactivaci\u00f3n de las obras de protecci\u00f3n costera de Tierra Bomba y el pedrapl\u00e9n de Playetas, junto a la Gobernaci\u00f3n, siendo alcalde encargado, regres\u00f3 a Tierra Bomba, Bocachica y Ca\u00f1o del Oro a conectarse con los cartageneros residentes a trav\u00e9s de su din\u00e1mica de Caminatas de Esperanza. Desde muy temprano el cartagenero inici\u00f3 su jornada embarc\u00e1ndose a la zona insular desde La Bodeguita, uno de los puntos que acostumbra a recibir a los cartageneros que diariamente deben tomar una lancha para&#8230; <\/p>\n","protected":false},"author":3,"featured_media":31343,"comment_status":"open","ping_status":"closed","sticky":false,"template":"","format":"standard","meta":{"footnotes":"","_links_to":"","_links_to_target":""},"categories":[75,4],"tags":[],"class_list":["post-31346","post","type-post","status-publish","format-standard","has-post-thumbnail","hentry","category-destacada","category-politica"],"_links":{"self":[{"href":"https:\/\/revistazetta.com\/index.php?rest_route=\/wp\/v2\/posts\/31346","targetHints":{"allow":["GET"]}}],"collection":[{"href":"https:\/\/revistazetta.com\/index.php?rest_route=\/wp\/v2\/posts"}],"about":[{"href":"https:\/\/revistazetta.com\/index.php?rest_route=\/wp\/v2\/types\/post"}],"author":[{"embeddable":true,"href":"https:\/\/revistazetta.com\/index.php?rest_route=\/wp\/v2\/users\/3"}],"replies":[{"embeddable":true,"href":"https:\/\/revistazetta.com\/index.php?rest_route=%2Fwp%2Fv2%2Fcomments&post=31346"}],"version-history":[{"count":0,"href":"https:\/\/revistazetta.com\/index.php?rest_route=\/wp\/v2\/posts\/31346\/revisions"}],"wp:featuredmedia":[{"embeddable":true,"href":"https:\/\/revistazetta.com\/index.php?rest_route=\/wp\/v2\/media\/31343"}],"wp:attachment":[{"href":"https:\/\/revistazetta.com\/index.php?rest_route=%2Fwp%2Fv2%2Fmedia&parent=31346"}],"wp:term":[{"taxonomy":"category","embeddable":true,"href":"https:\/\/revistazetta.com\/index.php?rest_route=%2Fwp%2Fv2%2Fcategories&post=31346"},{"taxonomy":"post_tag","embeddable":true,"href":"https:\/\/revistazetta.com\/index.php?rest_route=%2Fwp%2Fv2%2Ftags&post=31346"}],"curies":[{"name":"wp","href":"https:\/\/api.w.org\/{rel}","templated":true}]}}