{"id":31348,"date":"2019-08-08T04:49:33","date_gmt":"2019-08-08T09:49:33","guid":{"rendered":"http:\/\/www.revistazetta.com\/?p=31348"},"modified":"2019-08-08T04:52:53","modified_gmt":"2019-08-08T09:52:53","slug":"todos-estamos-llamados-entregar-corazon-cartagena-cristian-herazo","status":"publish","type":"post","link":"https:\/\/revistazetta.com\/?p=31348","title":{"rendered":"Todos estamos llamados a entregar el coraz\u00f3n por Cartagena: Cristian Herazo"},"content":{"rendered":"<p><img loading=\"lazy\" decoding=\"async\" class=\"alignright wp-image-31350 size-large\" src=\"https:\/\/www.revistazetta.com\/wp-content\/uploads\/2019\/08\/Cristian-Herazo-2-1024x640.jpg\" alt=\"\" width=\"1024\" height=\"640\" srcset=\"https:\/\/revistazetta.com\/wp-content\/uploads\/2019\/08\/Cristian-Herazo-2.jpg 1024w, https:\/\/revistazetta.com\/wp-content\/uploads\/2019\/08\/Cristian-Herazo-2-300x188.jpg 300w, https:\/\/revistazetta.com\/wp-content\/uploads\/2019\/08\/Cristian-Herazo-2-234x146.jpg 234w, https:\/\/revistazetta.com\/wp-content\/uploads\/2019\/08\/Cristian-Herazo-2-50x31.jpg 50w, https:\/\/revistazetta.com\/wp-content\/uploads\/2019\/08\/Cristian-Herazo-2-120x75.jpg 120w\" sizes=\"auto, (max-width: 1024px) 100vw, 1024px\" \/><\/p>\n<p>\u00abNo miramos el futuro con pesimismo sino con esperanza, con ganas de proponer y dejar de criticar convencido de lo que somos y seremos como cartageneros. Hoy Cartagena es un reto ciudadano en el que todos estamos llamados a entregar el coraz\u00f3n\u00bb.<\/p>\n<p>Con este mensaje est\u00e1 llegando alas comunidades el abogado Cristian Herazo a trav\u00e9s un un video en el que se presenta como candidato al Concejo, en la lista del partido Conservador con el n\u00famero 2.<\/p>\n<p>\u00abLlevamos varios a\u00f1os de inestabilidad, lo m\u00e1s importante es lo que nos falta por construir, un nuevo comienzo,\u00a0mirarnos a los ojos y luchar por transformar a la ciudad que nos vio nacer y luchar contra su enorme desigualdad\u00bb, expresa.<\/p>\n<p>Tambi\u00e9n est\u00e1 enviando este mensaje donde resume su trayectoria profesional, que contrasta con su juventud:<\/p>\n<blockquote><p><span style=\"color: #000080;\"><em>Soy Cristian Herazo, nac\u00ed en la Cartagena de 1987 (32 a\u00f1os) en mi barrio: Blas De Lezo y con Coraz\u00f3n Cartagenero les vengo a proponer un #Reto por la ciudad que so\u00f1amos.<\/em><\/span><\/p>\n<p><span style=\"color: #000080;\"><em>Soy Abogado especialista en Derecho Administrativo de la Universidad Libre, con maestr\u00eda en Gobierno Municipal de la Universidad Externado de Colombia. Hace 10 a\u00f1os asum\u00ed laborar en el sector p\u00fablico a nivel local y nacional, motivado por el compromiso de construir ciudad.<\/em><\/span><\/p>\n<p><span style=\"color: #000080;\"><em>Hoy, junto a mi familia, mi esposa y ustedes mis amigos, vamos estrechar lazos fraternos de comunidad, para trabajar con esperanza por la transformaci\u00f3n social de nuestra querida<\/em><\/span><br \/>\n<span style=\"color: #000080;\"><em>Cartagena.<\/em><\/span><\/p>\n<p><span style=\"color: #000080;\"><em>Unidos en un solo coraz\u00f3n Cartagenero lucharemos por construir una Ciudad SEGURA, SOSTENIBLE, INNOVADORA, con BIENESTAR PARA TODOS.<\/em><\/span><\/p>\n<p><em><span style=\"color: #000080;\">CANDIDATO AL CONCEJO DE CARTAGENA<\/span><\/em><\/p>\n<p><em><span style=\"color: #000080;\">Periodo: 2020-2023<\/span><\/em><br \/>\n<em><span style=\"color: #000080;\">Partido: CONSERVADOR COLOMBIANO<\/span><\/em><br \/>\n<em><span style=\"color: #000080;\">Tarjet\u00f3n: C-2<\/span><\/em><\/p>\n<p><img loading=\"lazy\" decoding=\"async\" class=\"aligncenter wp-image-31351 size-large\" src=\"https:\/\/www.revistazetta.com\/wp-content\/uploads\/2019\/08\/Cristian-Herazo-3-1024x640.jpg\" alt=\"\" width=\"1024\" height=\"640\" srcset=\"https:\/\/revistazetta.com\/wp-content\/uploads\/2019\/08\/Cristian-Herazo-3.jpg 1024w, https:\/\/revistazetta.com\/wp-content\/uploads\/2019\/08\/Cristian-Herazo-3-300x188.jpg 300w, https:\/\/revistazetta.com\/wp-content\/uploads\/2019\/08\/Cristian-Herazo-3-234x146.jpg 234w, https:\/\/revistazetta.com\/wp-content\/uploads\/2019\/08\/Cristian-Herazo-3-50x31.jpg 50w, https:\/\/revistazetta.com\/wp-content\/uploads\/2019\/08\/Cristian-Herazo-3-120x75.jpg 120w\" sizes=\"auto, (max-width: 1024px) 100vw, 1024px\" \/><\/p><\/blockquote>\n","protected":false},"excerpt":{"rendered":"<p>\u00abNo miramos el futuro con pesimismo sino con esperanza, con ganas de proponer y dejar de criticar convencido de lo que somos y seremos como cartageneros. Hoy Cartagena es un reto ciudadano en el que todos estamos llamados a entregar el coraz\u00f3n\u00bb. Con este mensaje est\u00e1 llegando alas comunidades el abogado Cristian Herazo a trav\u00e9s un un video en el que se presenta como candidato al Concejo, en la lista del partido Conservador con el n\u00famero 2. \u00abLlevamos varios a\u00f1os de inestabilidad, lo m\u00e1s importante es lo que nos falta&#8230; <\/p>\n","protected":false},"author":3,"featured_media":31344,"comment_status":"open","ping_status":"closed","sticky":false,"template":"","format":"standard","meta":{"footnotes":"","_links_to":"","_links_to_target":""},"categories":[75,4],"tags":[],"class_list":["post-31348","post","type-post","status-publish","format-standard","has-post-thumbnail","hentry","category-destacada","category-politica"],"_links":{"self":[{"href":"https:\/\/revistazetta.com\/index.php?rest_route=\/wp\/v2\/posts\/31348","targetHints":{"allow":["GET"]}}],"collection":[{"href":"https:\/\/revistazetta.com\/index.php?rest_route=\/wp\/v2\/posts"}],"about":[{"href":"https:\/\/revistazetta.com\/index.php?rest_route=\/wp\/v2\/types\/post"}],"author":[{"embeddable":true,"href":"https:\/\/revistazetta.com\/index.php?rest_route=\/wp\/v2\/users\/3"}],"replies":[{"embeddable":true,"href":"https:\/\/revistazetta.com\/index.php?rest_route=%2Fwp%2Fv2%2Fcomments&post=31348"}],"version-history":[{"count":0,"href":"https:\/\/revistazetta.com\/index.php?rest_route=\/wp\/v2\/posts\/31348\/revisions"}],"wp:featuredmedia":[{"embeddable":true,"href":"https:\/\/revistazetta.com\/index.php?rest_route=\/wp\/v2\/media\/31344"}],"wp:attachment":[{"href":"https:\/\/revistazetta.com\/index.php?rest_route=%2Fwp%2Fv2%2Fmedia&parent=31348"}],"wp:term":[{"taxonomy":"category","embeddable":true,"href":"https:\/\/revistazetta.com\/index.php?rest_route=%2Fwp%2Fv2%2Fcategories&post=31348"},{"taxonomy":"post_tag","embeddable":true,"href":"https:\/\/revistazetta.com\/index.php?rest_route=%2Fwp%2Fv2%2Ftags&post=31348"}],"curies":[{"name":"wp","href":"https:\/\/api.w.org\/{rel}","templated":true}]}}