{"id":31353,"date":"2019-08-08T05:01:53","date_gmt":"2019-08-08T10:01:53","guid":{"rendered":"http:\/\/www.revistazetta.com\/?p=31353"},"modified":"2019-08-08T05:01:53","modified_gmt":"2019-08-08T10:01:53","slug":"equipo-ganador-impulsa-fejed-ali","status":"publish","type":"post","link":"https:\/\/revistazetta.com\/?p=31353","title":{"rendered":"Equipo ganador que impulsa Fejed Al\u00ed"},"content":{"rendered":"<p>Se conoci\u00f3 el equipo ganador que viene impulsando el l\u00edder regional Fejed Al\u00ed Badr\u00e1n para Gobernaci\u00f3n de Bol\u00edvar, Alcald\u00eda de Cartagena, Asamblea Departamental, Concejo de Cartagena y Junta Administradora Local.<\/p>\n<p>Despu\u00e9s de posponer sus aspiraciones departamentales, Al\u00ed Badr\u00e1n anunci\u00f3 en Magangu\u00e9 el respaldo de su grupo al candidato a la gobernaci\u00f3n Vicente Blel Scaff.<\/p>\n<p>De igual manera, en Cartagena se vincul\u00f3 de lleno a la campa\u00f1a a la Alcald\u00eda del economista William Garc\u00eda Tirado, avalado por el partido Colombia Justa Libres.<\/p>\n<p>Para la Asamblea Departamental el respaldo recay\u00f3 en Frank Ricaurte Sosa, partido de la U # 60, quien busca su primer reelecci\u00f3n como diputado.<\/p>\n<p>Rito P\u00e9rez es el candidato que respalda al Concejo de Cartagena, quien por primera vez se postula. Es hermano del actual concejal William P\u00e9rez, quien decidi\u00f3 no aspirar. Candidato de la lista del partido Liberal #5.<\/p>\n<p>Para la Junta Administradora Local 1 el candidato es Benjam\u00edn Herrera, partido Liberal #89.<\/p>\n<p>Como se ha informado anteriormente, Fejed Al\u00ed Badr\u00e1n est\u00e1 respaldando en Magangu\u00e9 la candidatura a la Alcald\u00eda de Carlos Cabrales, del partido Liberal.<\/p>\n","protected":false},"excerpt":{"rendered":"<p>Se conoci\u00f3 el equipo ganador que viene impulsando el l\u00edder regional Fejed Al\u00ed Badr\u00e1n para Gobernaci\u00f3n de Bol\u00edvar, Alcald\u00eda de Cartagena, Asamblea Departamental, Concejo de Cartagena y Junta Administradora Local. Despu\u00e9s de posponer sus aspiraciones departamentales, Al\u00ed Badr\u00e1n anunci\u00f3 en Magangu\u00e9 el respaldo de su grupo al candidato a la gobernaci\u00f3n Vicente Blel Scaff. De igual manera, en Cartagena se vincul\u00f3 de lleno a la campa\u00f1a a la Alcald\u00eda del economista William Garc\u00eda Tirado, avalado por el partido Colombia Justa Libres. Para la Asamblea Departamental el respaldo recay\u00f3 en Frank&#8230; <\/p>\n","protected":false},"author":3,"featured_media":31338,"comment_status":"open","ping_status":"closed","sticky":false,"template":"","format":"standard","meta":{"footnotes":"","_links_to":"","_links_to_target":""},"categories":[75,4],"tags":[],"class_list":["post-31353","post","type-post","status-publish","format-standard","has-post-thumbnail","hentry","category-destacada","category-politica"],"_links":{"self":[{"href":"https:\/\/revistazetta.com\/index.php?rest_route=\/wp\/v2\/posts\/31353","targetHints":{"allow":["GET"]}}],"collection":[{"href":"https:\/\/revistazetta.com\/index.php?rest_route=\/wp\/v2\/posts"}],"about":[{"href":"https:\/\/revistazetta.com\/index.php?rest_route=\/wp\/v2\/types\/post"}],"author":[{"embeddable":true,"href":"https:\/\/revistazetta.com\/index.php?rest_route=\/wp\/v2\/users\/3"}],"replies":[{"embeddable":true,"href":"https:\/\/revistazetta.com\/index.php?rest_route=%2Fwp%2Fv2%2Fcomments&post=31353"}],"version-history":[{"count":0,"href":"https:\/\/revistazetta.com\/index.php?rest_route=\/wp\/v2\/posts\/31353\/revisions"}],"wp:featuredmedia":[{"embeddable":true,"href":"https:\/\/revistazetta.com\/index.php?rest_route=\/wp\/v2\/media\/31338"}],"wp:attachment":[{"href":"https:\/\/revistazetta.com\/index.php?rest_route=%2Fwp%2Fv2%2Fmedia&parent=31353"}],"wp:term":[{"taxonomy":"category","embeddable":true,"href":"https:\/\/revistazetta.com\/index.php?rest_route=%2Fwp%2Fv2%2Fcategories&post=31353"},{"taxonomy":"post_tag","embeddable":true,"href":"https:\/\/revistazetta.com\/index.php?rest_route=%2Fwp%2Fv2%2Ftags&post=31353"}],"curies":[{"name":"wp","href":"https:\/\/api.w.org\/{rel}","templated":true}]}}