{"id":31354,"date":"2019-08-08T05:12:40","date_gmt":"2019-08-08T10:12:40","guid":{"rendered":"http:\/\/www.revistazetta.com\/?p=31354"},"modified":"2019-08-08T05:12:40","modified_gmt":"2019-08-08T10:12:40","slug":"mira-se-une-fernando-araujo","status":"publish","type":"post","link":"https:\/\/revistazetta.com\/?p=31354","title":{"rendered":"Mira se une a Fernando Ara\u00fajo"},"content":{"rendered":"<p>El partido MIRA har\u00e1 oficial su respaldo a Fernando Ara\u00fajo Perdomo como candidato a la Alcald\u00eda de Cartagena de Indias, la igual que lo hizo el partido Centro Democr\u00e1tico.<\/p>\n<p>Ara\u00fajo Perdomo es candidato avalado por firmas del movimiento \u00abJuntos Haremos el Cambio\u00bb.<\/p>\n<p>Los partidos MIRA y Centro Democr\u00e1tico tambi\u00e9n est\u00e1n coincidiendo en listas a Concejo y Asamblea, mediante una alianza.<\/p>\n<p>La protocolizaci\u00f3n de este respaldo est\u00e1 prevista este jueves, a las 2 de la tarde, en Servifiestas, zona de la bomba del Amparo.<\/p>\n","protected":false},"excerpt":{"rendered":"<p>El partido MIRA har\u00e1 oficial su respaldo a Fernando Ara\u00fajo Perdomo como candidato a la Alcald\u00eda de Cartagena de Indias, la igual que lo hizo el partido Centro Democr\u00e1tico. Ara\u00fajo Perdomo es candidato avalado por firmas del movimiento \u00abJuntos Haremos el Cambio\u00bb. Los partidos MIRA y Centro Democr\u00e1tico tambi\u00e9n est\u00e1n coincidiendo en listas a Concejo y Asamblea, mediante una alianza. La protocolizaci\u00f3n de este respaldo est\u00e1 prevista este jueves, a las 2 de la tarde, en Servifiestas, zona de la bomba del Amparo.<\/p>\n","protected":false},"author":3,"featured_media":31341,"comment_status":"open","ping_status":"closed","sticky":false,"template":"","format":"standard","meta":{"footnotes":"","_links_to":"","_links_to_target":""},"categories":[75,4],"tags":[],"class_list":["post-31354","post","type-post","status-publish","format-standard","has-post-thumbnail","hentry","category-destacada","category-politica"],"_links":{"self":[{"href":"https:\/\/revistazetta.com\/index.php?rest_route=\/wp\/v2\/posts\/31354","targetHints":{"allow":["GET"]}}],"collection":[{"href":"https:\/\/revistazetta.com\/index.php?rest_route=\/wp\/v2\/posts"}],"about":[{"href":"https:\/\/revistazetta.com\/index.php?rest_route=\/wp\/v2\/types\/post"}],"author":[{"embeddable":true,"href":"https:\/\/revistazetta.com\/index.php?rest_route=\/wp\/v2\/users\/3"}],"replies":[{"embeddable":true,"href":"https:\/\/revistazetta.com\/index.php?rest_route=%2Fwp%2Fv2%2Fcomments&post=31354"}],"version-history":[{"count":0,"href":"https:\/\/revistazetta.com\/index.php?rest_route=\/wp\/v2\/posts\/31354\/revisions"}],"wp:featuredmedia":[{"embeddable":true,"href":"https:\/\/revistazetta.com\/index.php?rest_route=\/wp\/v2\/media\/31341"}],"wp:attachment":[{"href":"https:\/\/revistazetta.com\/index.php?rest_route=%2Fwp%2Fv2%2Fmedia&parent=31354"}],"wp:term":[{"taxonomy":"category","embeddable":true,"href":"https:\/\/revistazetta.com\/index.php?rest_route=%2Fwp%2Fv2%2Fcategories&post=31354"},{"taxonomy":"post_tag","embeddable":true,"href":"https:\/\/revistazetta.com\/index.php?rest_route=%2Fwp%2Fv2%2Ftags&post=31354"}],"curies":[{"name":"wp","href":"https:\/\/api.w.org\/{rel}","templated":true}]}}