{"id":31501,"date":"2019-08-14T06:13:48","date_gmt":"2019-08-14T11:13:48","guid":{"rendered":"http:\/\/www.revistazetta.com\/?p=31501"},"modified":"2019-08-14T06:13:48","modified_gmt":"2019-08-14T11:13:48","slug":"tutela-obliga-al-distrito-construir-colegio-tierra-baja","status":"publish","type":"post","link":"https:\/\/revistazetta.com\/?p=31501","title":{"rendered":"Tutela obliga al Distrito a construir colegio en Tierra Baja"},"content":{"rendered":"<p>La Juez Diecis\u00e9is Civil Municipal de Cartagena, Key Sandy Caro Mej\u00eda, tutel\u00f3 los derechos fundamentales de petici\u00f3n, educaci\u00f3n e integridad f\u00edsica de los menores estudiantes de la Instituci\u00f3n Educativa de Tierra Baja y ordena a la alcald\u00eda, a trav\u00e9s de la secretaria de Educaci\u00f3n o a la dependencia que corresponda, que en un plazo razonable de un a\u00f1o, inicie los tr\u00e1mites administrativos efectivos conduzcan al dise\u00f1o, implementaci\u00f3n, evacuaci\u00f3n y control de las acciones a realizar, para la ejecuci\u00f3n del proyecto del Mega Colegio en Tierra Baja, o en su defecto, el mejoramiento del plantel existente; siempre que se ajuste a las necesidades determinada por la proyecci\u00f3n del crecimiento poblacional.<\/p>\n<p>&nbsp;<\/p>\n<p>Como es de conocimiento de la opini\u00f3n p\u00fablica, los habitantes de Tierra Baja, representado en su Consejo Comunitario de Comunidad Negra, en cabeza de Yasmira Carmona G\u00f3mez, en calidad de representante legal, vienen reclamando, la construcci\u00f3n de un nuevo colegio que desde el a\u00f1o 2016, se encuentra presupuestado con partidas del Ministerio de Educaci\u00f3n y del Distrito, en cuant\u00eda superior a los $8 mil millones y la comunidad entreg\u00f3 al distrito un lote en cesi\u00f3n para el nuevo colegio, que en ese entonces, ten\u00eda hasta licencia de construcci\u00f3n.<\/p>\n<p>&nbsp;<\/p>\n<p>En la actualidad, la instituci\u00f3n educativa de Tierra Baja, tiene una capacidad para 145 estudiantes y all\u00ed se educan m\u00e1s de 400, present\u00e1ndose un hacinamiento y un da\u00f1o sanitario, porque cuando los estudiantes utilizan los ba\u00f1os, se desborda la poza s\u00e9ptica.<\/p>\n<p>&nbsp;<\/p>\n<p>La Acci\u00f3n de Tutela, tambi\u00e9n ordena a la alcald\u00eda para que dentro de un mes, siguiente a la notificaci\u00f3n, se garantice la seguridad, vida e integridad de los estudiantes, a trav\u00e9s, de la adopci\u00f3n de medidas de mitigaci\u00f3n, del da\u00f1o que resulte necesario para la prestaci\u00f3n del servicio educativo digno, en los predios donde actualmente funciona; as\u00ed como los medios log\u00edsticos para el traslado de los estudiantes a establecimientos, donde reciban la formaci\u00f3n media-t\u00e9cnica.<\/p>\n<p>&nbsp;<\/p>\n<p>As\u00ed mismo, se le pide a la alcald\u00eda para que en termino de 48 horas, siguientes a la notificaci\u00f3n, entregue respuesta clara y de fondo, sobre los recursos destinados para la construcci\u00f3n del nuevo colegio de Tierra Baja.<\/p>\n<p>&nbsp;<\/p>\n<p>La juez orden\u00f3 tambi\u00e9n enviar copia del presente fallo de tutela a la Defensor\u00eda del Pueblo y a la Procuradur\u00eda General de la Naci\u00f3n, para que a trav\u00e9s de sus delegados municipales, acompa\u00f1en a la comunidad amparada en la presente sentencia.<\/p>\n","protected":false},"excerpt":{"rendered":"<p>La Juez Diecis\u00e9is Civil Municipal de Cartagena, Key Sandy Caro Mej\u00eda, tutel\u00f3 los derechos fundamentales de petici\u00f3n, educaci\u00f3n e integridad f\u00edsica de los menores estudiantes de la Instituci\u00f3n Educativa de Tierra Baja y ordena a la alcald\u00eda, a trav\u00e9s de la secretaria de Educaci\u00f3n o a la dependencia que corresponda, que en un plazo razonable de un a\u00f1o, inicie los tr\u00e1mites administrativos efectivos conduzcan al dise\u00f1o, implementaci\u00f3n, evacuaci\u00f3n y control de las acciones a realizar, para la ejecuci\u00f3n del proyecto del Mega Colegio en Tierra Baja, o en su defecto,&#8230; <\/p>\n","protected":false},"author":3,"featured_media":0,"comment_status":"open","ping_status":"closed","sticky":false,"template":"","format":"standard","meta":{"footnotes":"","_links_to":"","_links_to_target":""},"categories":[32,86],"tags":[],"class_list":["post-31501","post","type-post","status-publish","format-standard","hentry","category-actualidad-distrito","category-comunidad"],"_links":{"self":[{"href":"https:\/\/revistazetta.com\/index.php?rest_route=\/wp\/v2\/posts\/31501","targetHints":{"allow":["GET"]}}],"collection":[{"href":"https:\/\/revistazetta.com\/index.php?rest_route=\/wp\/v2\/posts"}],"about":[{"href":"https:\/\/revistazetta.com\/index.php?rest_route=\/wp\/v2\/types\/post"}],"author":[{"embeddable":true,"href":"https:\/\/revistazetta.com\/index.php?rest_route=\/wp\/v2\/users\/3"}],"replies":[{"embeddable":true,"href":"https:\/\/revistazetta.com\/index.php?rest_route=%2Fwp%2Fv2%2Fcomments&post=31501"}],"version-history":[{"count":0,"href":"https:\/\/revistazetta.com\/index.php?rest_route=\/wp\/v2\/posts\/31501\/revisions"}],"wp:attachment":[{"href":"https:\/\/revistazetta.com\/index.php?rest_route=%2Fwp%2Fv2%2Fmedia&parent=31501"}],"wp:term":[{"taxonomy":"category","embeddable":true,"href":"https:\/\/revistazetta.com\/index.php?rest_route=%2Fwp%2Fv2%2Fcategories&post=31501"},{"taxonomy":"post_tag","embeddable":true,"href":"https:\/\/revistazetta.com\/index.php?rest_route=%2Fwp%2Fv2%2Ftags&post=31501"}],"curies":[{"name":"wp","href":"https:\/\/api.w.org\/{rel}","templated":true}]}}