{"id":31502,"date":"2019-08-14T06:27:02","date_gmt":"2019-08-14T11:27:02","guid":{"rendered":"http:\/\/www.revistazetta.com\/?p=31502"},"modified":"2019-08-14T06:27:02","modified_gmt":"2019-08-14T11:27:02","slug":"seis-proyectos-estudia-asamblea-extras","status":"publish","type":"post","link":"https:\/\/revistazetta.com\/?p=31502","title":{"rendered":"Seis proyectos estudia Asamblea en extras"},"content":{"rendered":"<p>La Asamblea Departamental emprendi\u00f3 el estudio de seis proyectos de ordenanza, presentados por la administraci\u00f3n del gobernador Dumek Turbay para la recta final del plan de desarrollo Bol\u00edvar S\u00ed Avanza.<\/p>\n<p>Ignacio Becerra Ba\u00f1os, Presidente de la Asamblea Departamental, y Mery Luz Londo\u00f1o, Secretaria de Planeaci\u00f3n, instalaron el tercer per\u00edodo de sesiones extraordinarias, convocadas por el gobernador de Bol\u00edvar Dumek Turbay, a trav\u00e9s del Decreto 303 de agosto de 2019, las cuales se extender\u00e1n hasta el pr\u00f3ximo 30 de agosto.<\/p>\n<p>El presidente de la Duma manifest\u00f3 que \u00abeste periodo es importante para complementar el plan de desarrollo Bol\u00edvar S\u00ed Avanza, porque se estudiar\u00e1n seis proyectos\u00bb. Agreg\u00f3 que dichos proyectos ser\u00e1n socializados previamente por el equipo de gobierno, para que cada diputado ponente haga su respectivo estudio en las comisiones.<\/p>\n<p>La \u00a0secretaria de Planeaci\u00f3n Mery Luz Londo\u00f1o agradeci\u00f3 a \u00a0los diputados y al equipo de gobierno la disposici\u00f3n para sacar adelante estos proyectos, ya que son muy importantes para el departamento.<\/p>\n<p>\u00abDestacamos el gran compromiso que ha asumido la Asamblea en sacar adelante ordenanzas que a mediano y largo plazo van a transformar la calidad de vida de los bolivarenses\u00bb.<\/p>\n<p>Se program\u00f3 la pr\u00f3xima sesi\u00f3n para hacer el reparto de los proyectos y empezar a socializarlos por parte de funcionarios del Bol\u00edvar si Avanza.<\/p>\n","protected":false},"excerpt":{"rendered":"<p>La Asamblea Departamental emprendi\u00f3 el estudio de seis proyectos de ordenanza, presentados por la administraci\u00f3n del gobernador Dumek Turbay para la recta final del plan de desarrollo Bol\u00edvar S\u00ed Avanza. Ignacio Becerra Ba\u00f1os, Presidente de la Asamblea Departamental, y Mery Luz Londo\u00f1o, Secretaria de Planeaci\u00f3n, instalaron el tercer per\u00edodo de sesiones extraordinarias, convocadas por el gobernador de Bol\u00edvar Dumek Turbay, a trav\u00e9s del Decreto 303 de agosto de 2019, las cuales se extender\u00e1n hasta el pr\u00f3ximo 30 de agosto. El presidente de la Duma manifest\u00f3 que \u00abeste periodo es importante&#8230; <\/p>\n","protected":false},"author":3,"featured_media":31503,"comment_status":"open","ping_status":"closed","sticky":false,"template":"","format":"standard","meta":{"footnotes":"","_links_to":"","_links_to_target":""},"categories":[75,28,4],"tags":[],"class_list":["post-31502","post","type-post","status-publish","format-standard","has-post-thumbnail","hentry","category-destacada","category-politica-asamblea","category-politica"],"_links":{"self":[{"href":"https:\/\/revistazetta.com\/index.php?rest_route=\/wp\/v2\/posts\/31502","targetHints":{"allow":["GET"]}}],"collection":[{"href":"https:\/\/revistazetta.com\/index.php?rest_route=\/wp\/v2\/posts"}],"about":[{"href":"https:\/\/revistazetta.com\/index.php?rest_route=\/wp\/v2\/types\/post"}],"author":[{"embeddable":true,"href":"https:\/\/revistazetta.com\/index.php?rest_route=\/wp\/v2\/users\/3"}],"replies":[{"embeddable":true,"href":"https:\/\/revistazetta.com\/index.php?rest_route=%2Fwp%2Fv2%2Fcomments&post=31502"}],"version-history":[{"count":0,"href":"https:\/\/revistazetta.com\/index.php?rest_route=\/wp\/v2\/posts\/31502\/revisions"}],"wp:featuredmedia":[{"embeddable":true,"href":"https:\/\/revistazetta.com\/index.php?rest_route=\/wp\/v2\/media\/31503"}],"wp:attachment":[{"href":"https:\/\/revistazetta.com\/index.php?rest_route=%2Fwp%2Fv2%2Fmedia&parent=31502"}],"wp:term":[{"taxonomy":"category","embeddable":true,"href":"https:\/\/revistazetta.com\/index.php?rest_route=%2Fwp%2Fv2%2Fcategories&post=31502"},{"taxonomy":"post_tag","embeddable":true,"href":"https:\/\/revistazetta.com\/index.php?rest_route=%2Fwp%2Fv2%2Ftags&post=31502"}],"curies":[{"name":"wp","href":"https:\/\/api.w.org\/{rel}","templated":true}]}}