{"id":31504,"date":"2019-08-14T07:39:07","date_gmt":"2019-08-14T12:39:07","guid":{"rendered":"http:\/\/www.revistazetta.com\/?p=31504"},"modified":"2019-08-14T07:39:07","modified_gmt":"2019-08-14T12:39:07","slug":"jose-romero-sera-edil-gestion-presencia","status":"publish","type":"post","link":"https:\/\/revistazetta.com\/?p=31504","title":{"rendered":"Jos\u00e9 Romero ser\u00e1 un edil de gesti\u00f3n y presencia"},"content":{"rendered":"<p>Jos\u00e9 Romero no llegar\u00e1 a la JAL 1 a sentarse en su curul sino que lo ver\u00e1n en los 72 barrios y 10 zonas insulares de la Localidad Industrial y de la Bah\u00eda.<\/p>\n<p>Adem\u00e1s de la presencia permanente tambi\u00e9n se distinguir\u00e1 por la gesti\u00f3n, pues tiene claro que los ediles no pueden limitarse a los recursos del Fondo de Desarrollo Local, sino gestionar ante los gobiernos distrital, departamental y nacional proyectos para su localidad.<\/p>\n<p>Romero est\u00e1 avalado por el partido Liberal, es el n\u00famero 1 para la Jal 1.<\/p>\n<p>\u00abNuestra meta es llegar y no de cualquier manera, queremos recorrer cada uno de los 72 barrios y las 10 zonas insulares de nuestra localidad\u00bb.<\/p>\n<p>\u00abHoy me siento agradecido con mi equipo por siempre tener la mejor actitud y con la comunidad por recibirnos con tanto cari\u00f1o. Barrio a barrio, calle a calle, casa a casa y voto a voto por la victoria\u00bb.<\/p>\n<p>Este joven abogado es consciente que los ediles deben ser un puente entre las comunidades y la Administraci\u00f3n. Por eso, dentro de sus estrategias est\u00e1 la de estrechar lazos con las\u00a0Juntas de Acci\u00f3n Comunal, lo que puede redundar en acciones efectivas para activar frentes de seguridad, por ejemplo.<\/p>\n<p>Le preocupa mucho la situaci\u00f3n de la prestaci\u00f3n del servicio de salud, y dice que tendr\u00e1 como prioridad ele control pol\u00edtico para que se reactiven todos los puestos de salud de la Localidad 1.<\/p>\n<p>La veedur\u00eda c\u00edvica a las obras, la recuperaci\u00f3n d ella malla vial y la transparencia y visibilidad en la gesti\u00f3n de los recursos p\u00fablicos, en especial del Fondo de Desarrollo Local, son parte de sus banderas.<\/p>\n<p><img loading=\"lazy\" decoding=\"async\" class=\"aligncenter wp-image-31506 size-large\" src=\"https:\/\/www.revistazetta.com\/wp-content\/uploads\/2019\/08\/Jos\u00e9-Romero-3-1024x682.jpg\" alt=\"\" width=\"1024\" height=\"682\" srcset=\"https:\/\/revistazetta.com\/wp-content\/uploads\/2019\/08\/Jos\u00e9-Romero-3-1024x682.jpg 1024w, https:\/\/revistazetta.com\/wp-content\/uploads\/2019\/08\/Jos\u00e9-Romero-3-300x200.jpg 300w, https:\/\/revistazetta.com\/wp-content\/uploads\/2019\/08\/Jos\u00e9-Romero-3-219x146.jpg 219w, https:\/\/revistazetta.com\/wp-content\/uploads\/2019\/08\/Jos\u00e9-Romero-3-50x33.jpg 50w, https:\/\/revistazetta.com\/wp-content\/uploads\/2019\/08\/Jos\u00e9-Romero-3-113x75.jpg 113w, https:\/\/revistazetta.com\/wp-content\/uploads\/2019\/08\/Jos\u00e9-Romero-3.jpg 1364w\" sizes=\"auto, (max-width: 1024px) 100vw, 1024px\" \/><\/p>\n<p>&nbsp;<\/p>\n","protected":false},"excerpt":{"rendered":"<p>Jos\u00e9 Romero no llegar\u00e1 a la JAL 1 a sentarse en su curul sino que lo ver\u00e1n en los 72 barrios y 10 zonas insulares de la Localidad Industrial y de la Bah\u00eda. Adem\u00e1s de la presencia permanente tambi\u00e9n se distinguir\u00e1 por la gesti\u00f3n, pues tiene claro que los ediles no pueden limitarse a los recursos del Fondo de Desarrollo Local, sino gestionar ante los gobiernos distrital, departamental y nacional proyectos para su localidad. Romero est\u00e1 avalado por el partido Liberal, es el n\u00famero 1 para la Jal 1. \u00abNuestra&#8230; <\/p>\n","protected":false},"author":3,"featured_media":31505,"comment_status":"open","ping_status":"closed","sticky":false,"template":"","format":"standard","meta":{"footnotes":"","_links_to":"","_links_to_target":""},"categories":[75,4],"tags":[],"class_list":["post-31504","post","type-post","status-publish","format-standard","has-post-thumbnail","hentry","category-destacada","category-politica"],"_links":{"self":[{"href":"https:\/\/revistazetta.com\/index.php?rest_route=\/wp\/v2\/posts\/31504","targetHints":{"allow":["GET"]}}],"collection":[{"href":"https:\/\/revistazetta.com\/index.php?rest_route=\/wp\/v2\/posts"}],"about":[{"href":"https:\/\/revistazetta.com\/index.php?rest_route=\/wp\/v2\/types\/post"}],"author":[{"embeddable":true,"href":"https:\/\/revistazetta.com\/index.php?rest_route=\/wp\/v2\/users\/3"}],"replies":[{"embeddable":true,"href":"https:\/\/revistazetta.com\/index.php?rest_route=%2Fwp%2Fv2%2Fcomments&post=31504"}],"version-history":[{"count":0,"href":"https:\/\/revistazetta.com\/index.php?rest_route=\/wp\/v2\/posts\/31504\/revisions"}],"wp:featuredmedia":[{"embeddable":true,"href":"https:\/\/revistazetta.com\/index.php?rest_route=\/wp\/v2\/media\/31505"}],"wp:attachment":[{"href":"https:\/\/revistazetta.com\/index.php?rest_route=%2Fwp%2Fv2%2Fmedia&parent=31504"}],"wp:term":[{"taxonomy":"category","embeddable":true,"href":"https:\/\/revistazetta.com\/index.php?rest_route=%2Fwp%2Fv2%2Fcategories&post=31504"},{"taxonomy":"post_tag","embeddable":true,"href":"https:\/\/revistazetta.com\/index.php?rest_route=%2Fwp%2Fv2%2Ftags&post=31504"}],"curies":[{"name":"wp","href":"https:\/\/api.w.org\/{rel}","templated":true}]}}