{"id":31507,"date":"2019-08-14T07:40:34","date_gmt":"2019-08-14T12:40:34","guid":{"rendered":"http:\/\/www.revistazetta.com\/?p=31507"},"modified":"2019-08-14T07:42:28","modified_gmt":"2019-08-14T12:42:28","slug":"sin-inhabilidad-campana-yolanda-va-toda-fuerza","status":"publish","type":"post","link":"https:\/\/revistazetta.com\/?p=31507","title":{"rendered":"Sin inhabilidad, campa\u00f1a de Yolanda va con toda su fuerza"},"content":{"rendered":"<p>La campa\u00f1a a la Alcald\u00eda de Yolanda Wong ahora tiene toda la fuerza, desligada de la sombra de la inhabilidad pues la Procuradur\u00eda no la incluy\u00f3 en la lista de vedas para el debate del 27 de octubre.<\/p>\n<p>Seg\u00fan el informe presentado este martes por el organismo de control, la aspirante a la Alcald\u00eda de Cartagena por el Partido de la U, Yolanda Wong Baldiris, no est\u00e1 inhabilitada para ocupar el primer cargo administrativo de la ciudad.<\/p>\n<p>El informe de la Procuradur\u00eda detalla cu\u00e1les son los candidatos que estar\u00edan inhabilitados para la pr\u00f3xima contienda electoral, lo que despeja el panorama sobre la situaci\u00f3n de Cartagena.<\/p>\n<p>A pesar de los se\u00f1alamientos y denuncias que se han suscitado en contra de la candidata Yolanda Wong, este informe deja claro que la candidata por el Partido de la U no tiene ning\u00fan proceso que inhabilite su candidatura.<\/p>\n<p>\u00abSiempre hemos sido respetuosos del ordenamiento jur\u00eddico y al momento de colocar nuestro nombre para aspirar a este cargo, lo hicimos con la certeza que no exist\u00eda impedimento alguno para participar en este proceso democr\u00e1tico\u00bb, dijo la candidata.<\/p>\n","protected":false},"excerpt":{"rendered":"<p>La campa\u00f1a a la Alcald\u00eda de Yolanda Wong ahora tiene toda la fuerza, desligada de la sombra de la inhabilidad pues la Procuradur\u00eda no la incluy\u00f3 en la lista de vedas para el debate del 27 de octubre. Seg\u00fan el informe presentado este martes por el organismo de control, la aspirante a la Alcald\u00eda de Cartagena por el Partido de la U, Yolanda Wong Baldiris, no est\u00e1 inhabilitada para ocupar el primer cargo administrativo de la ciudad. El informe de la Procuradur\u00eda detalla cu\u00e1les son los candidatos que estar\u00edan inhabilitados&#8230; <\/p>\n","protected":false},"author":3,"featured_media":31508,"comment_status":"open","ping_status":"closed","sticky":false,"template":"","format":"standard","meta":{"footnotes":"","_links_to":"","_links_to_target":""},"categories":[75,4],"tags":[],"class_list":["post-31507","post","type-post","status-publish","format-standard","has-post-thumbnail","hentry","category-destacada","category-politica"],"_links":{"self":[{"href":"https:\/\/revistazetta.com\/index.php?rest_route=\/wp\/v2\/posts\/31507","targetHints":{"allow":["GET"]}}],"collection":[{"href":"https:\/\/revistazetta.com\/index.php?rest_route=\/wp\/v2\/posts"}],"about":[{"href":"https:\/\/revistazetta.com\/index.php?rest_route=\/wp\/v2\/types\/post"}],"author":[{"embeddable":true,"href":"https:\/\/revistazetta.com\/index.php?rest_route=\/wp\/v2\/users\/3"}],"replies":[{"embeddable":true,"href":"https:\/\/revistazetta.com\/index.php?rest_route=%2Fwp%2Fv2%2Fcomments&post=31507"}],"version-history":[{"count":0,"href":"https:\/\/revistazetta.com\/index.php?rest_route=\/wp\/v2\/posts\/31507\/revisions"}],"wp:featuredmedia":[{"embeddable":true,"href":"https:\/\/revistazetta.com\/index.php?rest_route=\/wp\/v2\/media\/31508"}],"wp:attachment":[{"href":"https:\/\/revistazetta.com\/index.php?rest_route=%2Fwp%2Fv2%2Fmedia&parent=31507"}],"wp:term":[{"taxonomy":"category","embeddable":true,"href":"https:\/\/revistazetta.com\/index.php?rest_route=%2Fwp%2Fv2%2Fcategories&post=31507"},{"taxonomy":"post_tag","embeddable":true,"href":"https:\/\/revistazetta.com\/index.php?rest_route=%2Fwp%2Fv2%2Ftags&post=31507"}],"curies":[{"name":"wp","href":"https:\/\/api.w.org\/{rel}","templated":true}]}}