{"id":31516,"date":"2019-08-15T06:23:49","date_gmt":"2019-08-15T11:23:49","guid":{"rendered":"http:\/\/www.revistazetta.com\/?p=31516"},"modified":"2019-08-15T07:17:24","modified_gmt":"2019-08-15T12:17:24","slug":"decisiones-presidente-del-concejo-se-basaron-sentencias-la-cortes-suprema-conceptos-la-funcion-publica","status":"publish","type":"post","link":"https:\/\/revistazetta.com\/?p=31516","title":{"rendered":"Decisiones como Presidente del Concejo se basaron en sentencias de la Cortes Suprema y conceptos de la Funci\u00f3n P\u00fablica"},"content":{"rendered":"<p>El concejal \u00d3scar Mar\u00edn defendi\u00f3 las decisiones que tom\u00f3 cuando fue Presidente del Concejo y para el caso del ex director jur\u00eddico, Felipe Santos, dijo que se bas\u00f3 en decisiones de la Corte Suprema y conceptos de la Funci\u00f3n P\u00fablica.<\/p>\n<p>Expres\u00f3 que los conceptos que emiti\u00f3 esa dependencia, en especial el alusivo al proceso de elecci\u00f3n de la contralora Nubia Fontalvo, no ofrec\u00edan confianza jur\u00eddica, lo que motiv\u00f3 la decisi\u00f3n de disponer del cargo.<\/p>\n<p>Mar\u00edn se mostr\u00f3 confiado en que su defensa lleve convencimiento a la Procuradur\u00eda, y respetuoso de las decisiones que se tomen.<\/p>\n<p>(Ver: Exjefe jur\u00eddico defiende principio de \u00ablegalidad\u00bb\u00a0<a href=\"https:\/\/www.revistazetta.com\/?p=30202\">https:\/\/www.revistazetta.com\/?p=30202<\/a>\u00a0)<\/p>\n<p>(Ver: Presidente del Concejo debe explicar a Procuradur\u00eda por qu\u00e9 ces\u00f3 a Jefe Jur\u00eddico <a href=\"https:\/\/www.revistazetta.com\/?p=30195\">https:\/\/www.revistazetta.com\/?p=30195<\/a>\u00a0)<\/p>\n","protected":false},"excerpt":{"rendered":"<p>El concejal \u00d3scar Mar\u00edn defendi\u00f3 las decisiones que tom\u00f3 cuando fue Presidente del Concejo y para el caso del ex director jur\u00eddico, Felipe Santos, dijo que se bas\u00f3 en decisiones de la Corte Suprema y conceptos de la Funci\u00f3n P\u00fablica. Expres\u00f3 que los conceptos que emiti\u00f3 esa dependencia, en especial el alusivo al proceso de elecci\u00f3n de la contralora Nubia Fontalvo, no ofrec\u00edan confianza jur\u00eddica, lo que motiv\u00f3 la decisi\u00f3n de disponer del cargo. Mar\u00edn se mostr\u00f3 confiado en que su defensa lleve convencimiento a la Procuradur\u00eda, y respetuoso de&#8230; <\/p>\n","protected":false},"author":3,"featured_media":31523,"comment_status":"open","ping_status":"closed","sticky":false,"template":"","format":"standard","meta":{"footnotes":"","_links_to":"","_links_to_target":""},"categories":[75,4],"tags":[],"class_list":["post-31516","post","type-post","status-publish","format-standard","has-post-thumbnail","hentry","category-destacada","category-politica"],"_links":{"self":[{"href":"https:\/\/revistazetta.com\/index.php?rest_route=\/wp\/v2\/posts\/31516","targetHints":{"allow":["GET"]}}],"collection":[{"href":"https:\/\/revistazetta.com\/index.php?rest_route=\/wp\/v2\/posts"}],"about":[{"href":"https:\/\/revistazetta.com\/index.php?rest_route=\/wp\/v2\/types\/post"}],"author":[{"embeddable":true,"href":"https:\/\/revistazetta.com\/index.php?rest_route=\/wp\/v2\/users\/3"}],"replies":[{"embeddable":true,"href":"https:\/\/revistazetta.com\/index.php?rest_route=%2Fwp%2Fv2%2Fcomments&post=31516"}],"version-history":[{"count":0,"href":"https:\/\/revistazetta.com\/index.php?rest_route=\/wp\/v2\/posts\/31516\/revisions"}],"wp:featuredmedia":[{"embeddable":true,"href":"https:\/\/revistazetta.com\/index.php?rest_route=\/wp\/v2\/media\/31523"}],"wp:attachment":[{"href":"https:\/\/revistazetta.com\/index.php?rest_route=%2Fwp%2Fv2%2Fmedia&parent=31516"}],"wp:term":[{"taxonomy":"category","embeddable":true,"href":"https:\/\/revistazetta.com\/index.php?rest_route=%2Fwp%2Fv2%2Fcategories&post=31516"},{"taxonomy":"post_tag","embeddable":true,"href":"https:\/\/revistazetta.com\/index.php?rest_route=%2Fwp%2Fv2%2Ftags&post=31516"}],"curies":[{"name":"wp","href":"https:\/\/api.w.org\/{rel}","templated":true}]}}