{"id":31519,"date":"2019-08-15T06:55:16","date_gmt":"2019-08-15T11:55:16","guid":{"rendered":"http:\/\/www.revistazetta.com\/?p=31519"},"modified":"2019-08-15T08:24:09","modified_gmt":"2019-08-15T13:24:09","slug":"yolanda-wong-baldiris-denuncia-amenazas-muerte","status":"publish","type":"post","link":"https:\/\/revistazetta.com\/?p=31519","title":{"rendered":"Tanto Yolanda Wong como William Garc\u00eda denuncian amenazas de muerte"},"content":{"rendered":"<blockquote><p><strong>Las amenazas e intimidaciones las est\u00e1n recibiendo a trav\u00e9s de mensajes de texto en su celular y panfletos.<\/strong><\/p><\/blockquote>\n<p>Ante la Fiscal\u00eda General de la Naci\u00f3n, los candidatos a la Alcald\u00eda de Cartagena, Yolanda Wong Baldiris y William Garc\u00eda Tirado, presentaron denuncia por sendas amenazas de muerte de las que ha sido v\u00edctima en los \u00faltimos d\u00edas.<\/p>\n<p>A Wong la amenazaron por mensajes d texto en su celular, y a Garc\u00eda le lleg\u00f3 un panfleto intimidante.<\/p>\n<p>La campa\u00f1a de Wong expres\u00f3 lo siguiente:<\/p>\n<p><span style=\"color: #000080;\"><em>Wong Baldiris dice que teme por su integridad porque viene socializando su propuesta en todos los sectores de la ciudad.<\/em><\/span><\/p>\n<p><span style=\"color: #000080;\"><em>\u201cEs inevitable no aterrarme por lo bajo y sucio que pueden llegar a ser. He solicitado a las autoridades competentes un esquema de protecci\u00f3n que hasta el d\u00eda de hoy no tengo y no he recibido respuesta alguna\u201d, afirm\u00f3 la candidata.<\/em><\/span><\/p>\n<p><span style=\"color: #000080;\"><em>Las amenazas son enviadas a trav\u00e9s de mensajes de texto a su celular y en una ocasi\u00f3n un individuo que se movilizaba en una motocicleta se le acerc\u00f3 a la ventana de su veh\u00edculo a intimidarla mientras cumpl\u00eda su agenda en una comunidad.<\/em><\/span><\/p>\n<p><span style=\"color: #000080;\"><em>\u201cEstos hostigamientos lo \u00fanico que hacen es llenarme de fuerza para seguir luchando por Cartagena. No me van a intimidar y por el contrario me estimulan a seguir recorriendo cada barrio, cada calle y cada casa de esta Ciudad, porque estoy con Dios y con el pueblo, y ellos son mi mayor protecci\u00f3n\u201d, anot\u00f3.<\/em><\/span><\/p>\n<p><span style=\"color: #000080;\"><em>\u00a0y panfletosLa candidata hace un en\u00e9rgico llamado para que esta contienda electoral se viva con tranquilidad, sin artima\u00f1as y bajezas que tanto da\u00f1o le hacen a la democracia.<\/em><\/span><\/p>\n<p>La campa\u00f1a de Tirado expidi\u00f3 la siguiente declaraci\u00f3n:<\/p>\n<p><span style=\"color: #003366;\"><em>El candidato a la Alcald\u00eda de Cartagena, William Garc\u00eda Tirado, interpuso una denuncia en la Fiscal\u00eda General de la Naci\u00f3n ante amenazas recibidas por medio de un panfleto enviado a su vivienda, ayer 14 de agosto.<\/em><\/span><\/p>\n<p><span style=\"color: #003366;\"><em>\u201cNo caeremos en el juego sucio de quienes quieren da\u00f1ar este proyecto. No dejaremos que las artima\u00f1as de los enemigos se interpongan en nuestro camino por cambiar la realidad de Cartagena. Puse la denuncia ante la Fiscal\u00eda y espero en Dios que todo salga bien y seguiremos trabajando por el bienestar de los ciudadanos\u201d, argument\u00f3 Garc\u00eda Tirado.<\/em><\/span><\/p>\n","protected":false},"excerpt":{"rendered":"<p>Las amenazas e intimidaciones las est\u00e1n recibiendo a trav\u00e9s de mensajes de texto en su celular y panfletos. Ante la Fiscal\u00eda General de la Naci\u00f3n, los candidatos a la Alcald\u00eda de Cartagena, Yolanda Wong Baldiris y William Garc\u00eda Tirado, presentaron denuncia por sendas amenazas de muerte de las que ha sido v\u00edctima en los \u00faltimos d\u00edas. A Wong la amenazaron por mensajes d texto en su celular, y a Garc\u00eda le lleg\u00f3 un panfleto intimidante. La campa\u00f1a de Wong expres\u00f3 lo siguiente: Wong Baldiris dice que teme por su integridad&#8230; <\/p>\n","protected":false},"author":3,"featured_media":31525,"comment_status":"open","ping_status":"closed","sticky":false,"template":"","format":"standard","meta":{"footnotes":"","_links_to":"","_links_to_target":""},"categories":[75,4],"tags":[],"class_list":["post-31519","post","type-post","status-publish","format-standard","has-post-thumbnail","hentry","category-destacada","category-politica"],"_links":{"self":[{"href":"https:\/\/revistazetta.com\/index.php?rest_route=\/wp\/v2\/posts\/31519","targetHints":{"allow":["GET"]}}],"collection":[{"href":"https:\/\/revistazetta.com\/index.php?rest_route=\/wp\/v2\/posts"}],"about":[{"href":"https:\/\/revistazetta.com\/index.php?rest_route=\/wp\/v2\/types\/post"}],"author":[{"embeddable":true,"href":"https:\/\/revistazetta.com\/index.php?rest_route=\/wp\/v2\/users\/3"}],"replies":[{"embeddable":true,"href":"https:\/\/revistazetta.com\/index.php?rest_route=%2Fwp%2Fv2%2Fcomments&post=31519"}],"version-history":[{"count":0,"href":"https:\/\/revistazetta.com\/index.php?rest_route=\/wp\/v2\/posts\/31519\/revisions"}],"wp:featuredmedia":[{"embeddable":true,"href":"https:\/\/revistazetta.com\/index.php?rest_route=\/wp\/v2\/media\/31525"}],"wp:attachment":[{"href":"https:\/\/revistazetta.com\/index.php?rest_route=%2Fwp%2Fv2%2Fmedia&parent=31519"}],"wp:term":[{"taxonomy":"category","embeddable":true,"href":"https:\/\/revistazetta.com\/index.php?rest_route=%2Fwp%2Fv2%2Fcategories&post=31519"},{"taxonomy":"post_tag","embeddable":true,"href":"https:\/\/revistazetta.com\/index.php?rest_route=%2Fwp%2Fv2%2Ftags&post=31519"}],"curies":[{"name":"wp","href":"https:\/\/api.w.org\/{rel}","templated":true}]}}