{"id":31655,"date":"2019-08-21T23:37:07","date_gmt":"2019-08-22T04:37:07","guid":{"rendered":"http:\/\/www.revistazetta.com\/?p=31655"},"modified":"2019-08-21T23:37:07","modified_gmt":"2019-08-22T04:37:07","slug":"estefania-gutierrez-la-senorita-bolivar-2019-2020","status":"publish","type":"post","link":"https:\/\/revistazetta.com\/?p=31655","title":{"rendered":"Estefan\u00eda Guti\u00e9rrez es la Se\u00f1orita Bol\u00edvar 2019-2020"},"content":{"rendered":"<p>El gobernador de Bol\u00edvar, Dumek Turbay, impuso la banda y entreg\u00f3 el decreto que designa a Estefan\u00eda Gutierrez Rold\u00e1n c\u00f3mo la se\u00f1orita Bol\u00edvar 2019-2020, quien representar\u00e1 a este departamento en el Concurso Nacional de la Belleza.<\/p>\n<p>La soberana de los bolivarenses se design\u00f3 mediante el Decreto 1277 de 2019 para participar en el reinado que escoge a la mujer m\u00e1s linda de Colombia. A la ceremonia tambi\u00e9n asisti\u00f3 la gestora social del departamento y primera dama Liliana Majana, quien le impuso la corona.<\/p>\n<p>Estefan\u00eda Gutierrez es ingeniera de Dise\u00f1o de Producto y fortaleci\u00f3 su ingl\u00e9s en Sud\u00e1frica. Tiene 24 a\u00f1os y est\u00e1 orgullosa de representar a lo departamento.<\/p>\n<p>\u201cEs un reto que asumo con responsabilidad y orgullo. Estoy muy feliz de representar a todo este hermoso departamento. Ya es hora que la corona nacional de la belleza se quede en Bol\u00edvar\u201d, expreso Estefan\u00eda.<\/p>\n<p>El gobernador de Bol\u00edvar dej\u00f3 claro que escoger a Estefan\u00eda Gutierrez es especial, ya que es la \u00faltima soberana en su cuatrienio.<\/p>\n<p>\u201cIndependientemente del lugar que ocupe en el reinado, estamos orgullosos de Estefan\u00eda, de su inteligencia de su belleza y compromiso. No nos equivocamos al escogerla, sabemos que representar\u00e1 a nuestro departamento de la mejor manera y dejar\u00e1 el nombre de Bol\u00edvar en lo m\u00e1s alto\u201d, coment\u00f3 el mandatario.<\/p>\n<p><img loading=\"lazy\" decoding=\"async\" class=\"wp-image-31657 size-large aligncenter\" src=\"https:\/\/www.revistazetta.com\/wp-content\/uploads\/2019\/08\/Estefan\u00eda-reina-2-682x1024.jpg\" alt=\"\" width=\"682\" height=\"1024\" srcset=\"https:\/\/revistazetta.com\/wp-content\/uploads\/2019\/08\/Estefan\u00eda-reina-2-682x1024.jpg 682w, https:\/\/revistazetta.com\/wp-content\/uploads\/2019\/08\/Estefan\u00eda-reina-2-200x300.jpg 200w, https:\/\/revistazetta.com\/wp-content\/uploads\/2019\/08\/Estefan\u00eda-reina-2-97x146.jpg 97w, https:\/\/revistazetta.com\/wp-content\/uploads\/2019\/08\/Estefan\u00eda-reina-2-33x50.jpg 33w, https:\/\/revistazetta.com\/wp-content\/uploads\/2019\/08\/Estefan\u00eda-reina-2-50x75.jpg 50w, https:\/\/revistazetta.com\/wp-content\/uploads\/2019\/08\/Estefan\u00eda-reina-2.jpg 853w\" sizes=\"auto, (max-width: 682px) 100vw, 682px\" \/><\/p>\n","protected":false},"excerpt":{"rendered":"<p>El gobernador de Bol\u00edvar, Dumek Turbay, impuso la banda y entreg\u00f3 el decreto que designa a Estefan\u00eda Gutierrez Rold\u00e1n c\u00f3mo la se\u00f1orita Bol\u00edvar 2019-2020, quien representar\u00e1 a este departamento en el Concurso Nacional de la Belleza. La soberana de los bolivarenses se design\u00f3 mediante el Decreto 1277 de 2019 para participar en el reinado que escoge a la mujer m\u00e1s linda de Colombia. A la ceremonia tambi\u00e9n asisti\u00f3 la gestora social del departamento y primera dama Liliana Majana, quien le impuso la corona. Estefan\u00eda Gutierrez es ingeniera de Dise\u00f1o de&#8230; <\/p>\n","protected":false},"author":3,"featured_media":31656,"comment_status":"open","ping_status":"closed","sticky":false,"template":"","format":"standard","meta":{"footnotes":"","_links_to":"","_links_to_target":""},"categories":[75,2],"tags":[],"class_list":["post-31655","post","type-post","status-publish","format-standard","has-post-thumbnail","hentry","category-destacada","category-actualidad"],"_links":{"self":[{"href":"https:\/\/revistazetta.com\/index.php?rest_route=\/wp\/v2\/posts\/31655","targetHints":{"allow":["GET"]}}],"collection":[{"href":"https:\/\/revistazetta.com\/index.php?rest_route=\/wp\/v2\/posts"}],"about":[{"href":"https:\/\/revistazetta.com\/index.php?rest_route=\/wp\/v2\/types\/post"}],"author":[{"embeddable":true,"href":"https:\/\/revistazetta.com\/index.php?rest_route=\/wp\/v2\/users\/3"}],"replies":[{"embeddable":true,"href":"https:\/\/revistazetta.com\/index.php?rest_route=%2Fwp%2Fv2%2Fcomments&post=31655"}],"version-history":[{"count":0,"href":"https:\/\/revistazetta.com\/index.php?rest_route=\/wp\/v2\/posts\/31655\/revisions"}],"wp:featuredmedia":[{"embeddable":true,"href":"https:\/\/revistazetta.com\/index.php?rest_route=\/wp\/v2\/media\/31656"}],"wp:attachment":[{"href":"https:\/\/revistazetta.com\/index.php?rest_route=%2Fwp%2Fv2%2Fmedia&parent=31655"}],"wp:term":[{"taxonomy":"category","embeddable":true,"href":"https:\/\/revistazetta.com\/index.php?rest_route=%2Fwp%2Fv2%2Fcategories&post=31655"},{"taxonomy":"post_tag","embeddable":true,"href":"https:\/\/revistazetta.com\/index.php?rest_route=%2Fwp%2Fv2%2Ftags&post=31655"}],"curies":[{"name":"wp","href":"https:\/\/api.w.org\/{rel}","templated":true}]}}