{"id":31661,"date":"2019-08-22T00:13:26","date_gmt":"2019-08-22T05:13:26","guid":{"rendered":"http:\/\/www.revistazetta.com\/?p=31661"},"modified":"2019-08-22T00:13:26","modified_gmt":"2019-08-22T05:13:26","slug":"kevin-florez-se-suma-la-fuerza-yolanda-wong","status":"publish","type":"post","link":"https:\/\/revistazetta.com\/?p=31661","title":{"rendered":"Kevin Fl\u00f3rez se suma a la fuerza de Yolanda Wong"},"content":{"rendered":"<p>Una de las m\u00e1ximas estrellas de la Champeta, Kevin Fl\u00f3rez, se sum\u00f3 a la campa\u00f1a de Yolanda Wong a la Alcald\u00eda de Cartagena.<\/p>\n<p>Para Wong es motivo de honor este reconocimiento, que significa un gran compromiso con la juventud y la cultura de Cartagena.<\/p>\n<p>En el encuentro que registraron en sus redes sociales, el cantante y la dirigente pol\u00edtica hablaron de la expansi\u00f3n de los centros culturales, del apoyo a las nuevas generaciones de m\u00fasicos, y de la generaci\u00f3n de oportunidades.<\/p>\n<p>Adem\u00e1s de juventud y cultural, tambi\u00e9n hablaron de temas como la terminaci\u00f3n de la v\u00eda perimetral, y de la importancia de que las nuevas v\u00edas tengan componentes ambientales para generar \u00abpulmones\u00bb en toda la ciudad.<\/p>\n","protected":false},"excerpt":{"rendered":"<p>Una de las m\u00e1ximas estrellas de la Champeta, Kevin Fl\u00f3rez, se sum\u00f3 a la campa\u00f1a de Yolanda Wong a la Alcald\u00eda de Cartagena. Para Wong es motivo de honor este reconocimiento, que significa un gran compromiso con la juventud y la cultura de Cartagena. En el encuentro que registraron en sus redes sociales, el cantante y la dirigente pol\u00edtica hablaron de la expansi\u00f3n de los centros culturales, del apoyo a las nuevas generaciones de m\u00fasicos, y de la generaci\u00f3n de oportunidades. Adem\u00e1s de juventud y cultural, tambi\u00e9n hablaron de temas&#8230; <\/p>\n","protected":false},"author":3,"featured_media":31662,"comment_status":"open","ping_status":"closed","sticky":false,"template":"","format":"standard","meta":{"footnotes":"","_links_to":"","_links_to_target":""},"categories":[75,4],"tags":[],"class_list":["post-31661","post","type-post","status-publish","format-standard","has-post-thumbnail","hentry","category-destacada","category-politica"],"_links":{"self":[{"href":"https:\/\/revistazetta.com\/index.php?rest_route=\/wp\/v2\/posts\/31661","targetHints":{"allow":["GET"]}}],"collection":[{"href":"https:\/\/revistazetta.com\/index.php?rest_route=\/wp\/v2\/posts"}],"about":[{"href":"https:\/\/revistazetta.com\/index.php?rest_route=\/wp\/v2\/types\/post"}],"author":[{"embeddable":true,"href":"https:\/\/revistazetta.com\/index.php?rest_route=\/wp\/v2\/users\/3"}],"replies":[{"embeddable":true,"href":"https:\/\/revistazetta.com\/index.php?rest_route=%2Fwp%2Fv2%2Fcomments&post=31661"}],"version-history":[{"count":0,"href":"https:\/\/revistazetta.com\/index.php?rest_route=\/wp\/v2\/posts\/31661\/revisions"}],"wp:featuredmedia":[{"embeddable":true,"href":"https:\/\/revistazetta.com\/index.php?rest_route=\/wp\/v2\/media\/31662"}],"wp:attachment":[{"href":"https:\/\/revistazetta.com\/index.php?rest_route=%2Fwp%2Fv2%2Fmedia&parent=31661"}],"wp:term":[{"taxonomy":"category","embeddable":true,"href":"https:\/\/revistazetta.com\/index.php?rest_route=%2Fwp%2Fv2%2Fcategories&post=31661"},{"taxonomy":"post_tag","embeddable":true,"href":"https:\/\/revistazetta.com\/index.php?rest_route=%2Fwp%2Fv2%2Ftags&post=31661"}],"curies":[{"name":"wp","href":"https:\/\/api.w.org\/{rel}","templated":true}]}}