{"id":31667,"date":"2019-08-23T10:13:07","date_gmt":"2019-08-23T15:13:07","guid":{"rendered":"http:\/\/www.revistazetta.com\/?p=31667"},"modified":"2019-08-23T10:13:07","modified_gmt":"2019-08-23T15:13:07","slug":"frank-ricaurte-gestion-4-anos-la-duma-la-visa-la-reeleccion","status":"publish","type":"post","link":"https:\/\/revistazetta.com\/?p=31667","title":{"rendered":"Frank Ricaurte: Gesti\u00f3n de 4 a\u00f1os en la Duma es la \u201cvisa\u201d para la reelecci\u00f3n"},"content":{"rendered":"<p>Es com\u00fan encontrar al diputado Frank Ricaurte visitando municipios de Bol\u00edvar, tanto en esta \u00e9poca electoral, como en cualquier otro momento, y es porque lo aprendi\u00f3 de su padre, el veterano exdiputado Andr\u00e9s Ricaurte Armesto.<\/p>\n<p>Aprendi\u00f3 que la clave es estar siempre en las comunidades y ese es su principal compromiso para seguir en un nuevo periodo con una curul en la Asamblea de Bol\u00edvar.<\/p>\n<p>Esta aspirando con el aval del partido de la U, n\u00famero 60 en el tarjet\u00f3n, y considera que el trabajo realizado en los \u00faltimos cuatro a\u00f1os en la Asamblea es una especie de \u00abvisa\u00bb para buscar los votos para la reelecci\u00f3n.<\/p>\n<p>Sostiene que en su gesti\u00f3n estuvo \u00absiempre de frente y presente con toda la agenda de Bol\u00edvar\u00bb, en especial con las tareas de gesti\u00f3n e incorporaci\u00f3n de recursos.<\/p>\n<p>Considera que uno de los mejores trabajos fue la ponencia que sustent\u00f3 la aprobaci\u00f3n del plan de desarrollo Bol\u00edvar S\u00ed Avanza &#8211; Gobierno de Resultados, am\u00e9n de otras gestiones para apalancar la realizaci\u00f3n de los Juegos Nacionales, el paquete de obras viales para el norte de Bol\u00edvar, entre otras iniciativas coordinadas con el gobierno departamental.<\/p>\n<p>Como los problemas del departamento son complejos, quiere que en el nuevo periodo en la Asamblea Departamental se afiancen las pol\u00edticas para mejorar en educaci\u00f3n, salir del atolladero en salud, y proveer de servicios p\u00fablicos a muchos municipios que carecen de ello.<\/p>\n<p>&nbsp;<\/p>\n","protected":false},"excerpt":{"rendered":"<p>Es com\u00fan encontrar al diputado Frank Ricaurte visitando municipios de Bol\u00edvar, tanto en esta \u00e9poca electoral, como en cualquier otro momento, y es porque lo aprendi\u00f3 de su padre, el veterano exdiputado Andr\u00e9s Ricaurte Armesto. Aprendi\u00f3 que la clave es estar siempre en las comunidades y ese es su principal compromiso para seguir en un nuevo periodo con una curul en la Asamblea de Bol\u00edvar. Esta aspirando con el aval del partido de la U, n\u00famero 60 en el tarjet\u00f3n, y considera que el trabajo realizado en los \u00faltimos cuatro&#8230; <\/p>\n","protected":false},"author":3,"featured_media":31668,"comment_status":"open","ping_status":"closed","sticky":false,"template":"","format":"standard","meta":{"footnotes":"","_links_to":"","_links_to_target":""},"categories":[75,4],"tags":[],"class_list":["post-31667","post","type-post","status-publish","format-standard","has-post-thumbnail","hentry","category-destacada","category-politica"],"_links":{"self":[{"href":"https:\/\/revistazetta.com\/index.php?rest_route=\/wp\/v2\/posts\/31667","targetHints":{"allow":["GET"]}}],"collection":[{"href":"https:\/\/revistazetta.com\/index.php?rest_route=\/wp\/v2\/posts"}],"about":[{"href":"https:\/\/revistazetta.com\/index.php?rest_route=\/wp\/v2\/types\/post"}],"author":[{"embeddable":true,"href":"https:\/\/revistazetta.com\/index.php?rest_route=\/wp\/v2\/users\/3"}],"replies":[{"embeddable":true,"href":"https:\/\/revistazetta.com\/index.php?rest_route=%2Fwp%2Fv2%2Fcomments&post=31667"}],"version-history":[{"count":0,"href":"https:\/\/revistazetta.com\/index.php?rest_route=\/wp\/v2\/posts\/31667\/revisions"}],"wp:featuredmedia":[{"embeddable":true,"href":"https:\/\/revistazetta.com\/index.php?rest_route=\/wp\/v2\/media\/31668"}],"wp:attachment":[{"href":"https:\/\/revistazetta.com\/index.php?rest_route=%2Fwp%2Fv2%2Fmedia&parent=31667"}],"wp:term":[{"taxonomy":"category","embeddable":true,"href":"https:\/\/revistazetta.com\/index.php?rest_route=%2Fwp%2Fv2%2Fcategories&post=31667"},{"taxonomy":"post_tag","embeddable":true,"href":"https:\/\/revistazetta.com\/index.php?rest_route=%2Fwp%2Fv2%2Ftags&post=31667"}],"curies":[{"name":"wp","href":"https:\/\/api.w.org\/{rel}","templated":true}]}}