{"id":31677,"date":"2019-08-23T10:42:50","date_gmt":"2019-08-23T15:42:50","guid":{"rendered":"http:\/\/www.revistazetta.com\/?p=31677"},"modified":"2019-08-23T10:42:50","modified_gmt":"2019-08-23T15:42:50","slug":"william-garcia-yolanda-wong-continuismo-cambio-fernando-araujo","status":"publish","type":"post","link":"https:\/\/revistazetta.com\/?p=31677","title":{"rendered":"William Garc\u00eda y Yolanda Wong son el continuismo, yo soy el cambio: Fernando Ara\u00fajo"},"content":{"rendered":"<p>El candidato a la Alcald\u00eda de Cartagena, Fernando Ara\u00fajo Perdomo, expres\u00f3 los tambi\u00e9n candidatos William Garc\u00eda y Yolanda Wong, han hecho parte del desorden administrativo de Cartagena en los \u00faltimos ochos a\u00f1os, y representan una continuidad.<\/p>\n<p>Explic\u00f3 que junto a Garc\u00eda y Wong hay otros candidatos a la Alcald\u00eda que tambi\u00e9n estuvieron en la Administraci\u00f3n Distrital, y que\u00a0\u00abno pueden ahora aspirar a decirle a los ciudadanos que ellos van a hacer el cambio que no hicieron cuando estuvieron en las administraciones\u00bb<\/p>\n<p>\u00abEl cambio no es votar por los mismos de siempre por las nuevas alternativas\u00bb, puntualiz\u00f3.<\/p>\n<p>El pronunciamiento lo registr\u00f3 Revista Zetta durante una conferencia a la que Ara\u00fajo fue invitado por el candidato al Concejo por el partido Centro Democr\u00e1tico-Mira Luis Roberto Ballestas, denominada \u00abJ\u00f3venes, es el momento de tomar decisiones firmes\u00bb, dictada por Hugo Osorio Hern\u00e1ndez, embajador de las Juventudes por Colombia ante la Asamblea Mundial de la Juventud.<\/p>\n<p>\u00abSiempre le pregunto a la gente si est\u00e1 contenta con el estado de las cosas en Cartagena o si quieren un cambio, y la respuesta siempre es de inconformismo con lo que est\u00e1 pasando, y el gran deseo por cambiar las cosas\u00bb, puntualiz\u00f3.<\/p>\n<p>&nbsp;<\/p>\n<p>&nbsp;<\/p>\n<p>&nbsp;<\/p>\n","protected":false},"excerpt":{"rendered":"<p>El candidato a la Alcald\u00eda de Cartagena, Fernando Ara\u00fajo Perdomo, expres\u00f3 los tambi\u00e9n candidatos William Garc\u00eda y Yolanda Wong, han hecho parte del desorden administrativo de Cartagena en los \u00faltimos ochos a\u00f1os, y representan una continuidad. Explic\u00f3 que junto a Garc\u00eda y Wong hay otros candidatos a la Alcald\u00eda que tambi\u00e9n estuvieron en la Administraci\u00f3n Distrital, y que\u00a0\u00abno pueden ahora aspirar a decirle a los ciudadanos que ellos van a hacer el cambio que no hicieron cuando estuvieron en las administraciones\u00bb \u00abEl cambio no es votar por los mismos de&#8230; <\/p>\n","protected":false},"author":3,"featured_media":31675,"comment_status":"open","ping_status":"closed","sticky":false,"template":"","format":"standard","meta":{"footnotes":"","_links_to":"","_links_to_target":""},"categories":[75,4],"tags":[],"class_list":["post-31677","post","type-post","status-publish","format-standard","has-post-thumbnail","hentry","category-destacada","category-politica"],"_links":{"self":[{"href":"https:\/\/revistazetta.com\/index.php?rest_route=\/wp\/v2\/posts\/31677","targetHints":{"allow":["GET"]}}],"collection":[{"href":"https:\/\/revistazetta.com\/index.php?rest_route=\/wp\/v2\/posts"}],"about":[{"href":"https:\/\/revistazetta.com\/index.php?rest_route=\/wp\/v2\/types\/post"}],"author":[{"embeddable":true,"href":"https:\/\/revistazetta.com\/index.php?rest_route=\/wp\/v2\/users\/3"}],"replies":[{"embeddable":true,"href":"https:\/\/revistazetta.com\/index.php?rest_route=%2Fwp%2Fv2%2Fcomments&post=31677"}],"version-history":[{"count":0,"href":"https:\/\/revistazetta.com\/index.php?rest_route=\/wp\/v2\/posts\/31677\/revisions"}],"wp:featuredmedia":[{"embeddable":true,"href":"https:\/\/revistazetta.com\/index.php?rest_route=\/wp\/v2\/media\/31675"}],"wp:attachment":[{"href":"https:\/\/revistazetta.com\/index.php?rest_route=%2Fwp%2Fv2%2Fmedia&parent=31677"}],"wp:term":[{"taxonomy":"category","embeddable":true,"href":"https:\/\/revistazetta.com\/index.php?rest_route=%2Fwp%2Fv2%2Fcategories&post=31677"},{"taxonomy":"post_tag","embeddable":true,"href":"https:\/\/revistazetta.com\/index.php?rest_route=%2Fwp%2Fv2%2Ftags&post=31677"}],"curies":[{"name":"wp","href":"https:\/\/api.w.org\/{rel}","templated":true}]}}