{"id":31678,"date":"2019-08-23T10:57:13","date_gmt":"2019-08-23T15:57:13","guid":{"rendered":"http:\/\/www.revistazetta.com\/?p=31678"},"modified":"2019-08-23T11:05:19","modified_gmt":"2019-08-23T16:05:19","slug":"luisro-ballestas-decisiones-firmes","status":"publish","type":"post","link":"https:\/\/revistazetta.com\/?p=31678","title":{"rendered":"LuisRo Ballestas: decisiones firmes"},"content":{"rendered":"<p><img loading=\"lazy\" decoding=\"async\" class=\"size-medium wp-image-31680 alignright\" src=\"https:\/\/www.revistazetta.com\/wp-content\/uploads\/2019\/08\/Luisro-3-300x240.jpg\" alt=\"\" width=\"300\" height=\"240\" srcset=\"https:\/\/revistazetta.com\/wp-content\/uploads\/2019\/08\/Luisro-3-300x240.jpg 300w, https:\/\/revistazetta.com\/wp-content\/uploads\/2019\/08\/Luisro-3-1024x819.jpg 1024w, https:\/\/revistazetta.com\/wp-content\/uploads\/2019\/08\/Luisro-3-183x146.jpg 183w, https:\/\/revistazetta.com\/wp-content\/uploads\/2019\/08\/Luisro-3-50x40.jpg 50w, https:\/\/revistazetta.com\/wp-content\/uploads\/2019\/08\/Luisro-3-94x75.jpg 94w, https:\/\/revistazetta.com\/wp-content\/uploads\/2019\/08\/Luisro-3.jpg 1300w\" sizes=\"auto, (max-width: 300px) 100vw, 300px\" \/>Luis Roberto Ballestas tiene claro para qu\u00e9, a sus 24 a\u00f1os, est\u00e1 abri\u00e9ndose paso en la pol\u00edtica de Cartagena: \u00abEstoy en la pol\u00edtica para frenar la corrupci\u00f3n\u00bb.<\/p>\n<p>Avalado por el partido Centro Democr\u00e1tico-Mira, con el n\u00famero 5 en el tarjet\u00f3n para Concejo de Cartagena, lo\u00a0dice con convicci\u00f3n y sin titubeos, y expresa que ese es el compromiso de las nuevas generaciones, que no quieren a una ciudad hundida en la crisis, sino con futuro para todos.<\/p>\n<p>\u00abNo podemos aceptar que el presupuesto de Cartagena se lo sigan quedando unos pocos\u00bb, se\u00f1ala y explica que \u00abtenemos que hacer llegar esos presupuestos a las comunidades, a las obras, a los parques, a las v\u00edas, porque tenemos que mejorar la calidad de vida de nuestros habitantes, en especial de nuestros ni\u00f1os\u00bb.<\/p>\n<p><img loading=\"lazy\" decoding=\"async\" class=\"size-medium wp-image-31683 alignright\" src=\"https:\/\/www.revistazetta.com\/wp-content\/uploads\/2019\/08\/Luisro-2-300x188.jpg\" alt=\"\" width=\"300\" height=\"188\" srcset=\"https:\/\/revistazetta.com\/wp-content\/uploads\/2019\/08\/Luisro-2-300x188.jpg 300w, https:\/\/revistazetta.com\/wp-content\/uploads\/2019\/08\/Luisro-2-234x146.jpg 234w, https:\/\/revistazetta.com\/wp-content\/uploads\/2019\/08\/Luisro-2-50x31.jpg 50w, https:\/\/revistazetta.com\/wp-content\/uploads\/2019\/08\/Luisro-2-120x75.jpg 120w, https:\/\/revistazetta.com\/wp-content\/uploads\/2019\/08\/Luisro-2.jpg 768w\" sizes=\"auto, (max-width: 300px) 100vw, 300px\" \/>Ballestas dice que \u00abnosotros los j\u00f3venes estamos destinados a cambiar el presente\u00bb y que \u00abestamos tomando decisiones con los pantalones bien puestos\u00bb.<\/p>\n<p>Ballestas presidi\u00f3 una reuni\u00f3n con j\u00f3venes en la que tuvo como invitado central a Hugo Osorio Hern\u00e1ndez, embajador de las Juventudes por Colombia ante la Asamblea Mundial de la Juventud, quien dict\u00f3 la conferencia titulada \u00abJ\u00f3venes, es el momento de tomar decisiones firmes\u00bb.<\/p>\n<p>En la reuni\u00f3n lo acompa\u00f1\u00f3 el candidato a la Alcald\u00eda Fernando Ara\u00fajo Perdomo y el senador del partido Centro Democr\u00e1tico, Fernando Nicol\u00e1s Ara\u00fajo Rumi\u00e9.<\/p>\n<p>&nbsp;<\/p>\n<p><img loading=\"lazy\" decoding=\"async\" class=\"size-medium wp-image-31681 aligncenter\" src=\"https:\/\/www.revistazetta.com\/wp-content\/uploads\/2019\/08\/FAP-3-300x188.jpg\" alt=\"\" width=\"300\" height=\"188\" srcset=\"https:\/\/revistazetta.com\/wp-content\/uploads\/2019\/08\/FAP-3-300x188.jpg 300w, https:\/\/revistazetta.com\/wp-content\/uploads\/2019\/08\/FAP-3-234x146.jpg 234w, https:\/\/revistazetta.com\/wp-content\/uploads\/2019\/08\/FAP-3-50x31.jpg 50w, https:\/\/revistazetta.com\/wp-content\/uploads\/2019\/08\/FAP-3-120x75.jpg 120w, https:\/\/revistazetta.com\/wp-content\/uploads\/2019\/08\/FAP-3.jpg 768w\" sizes=\"auto, (max-width: 300px) 100vw, 300px\" \/><\/p>\n<p><img loading=\"lazy\" decoding=\"async\" class=\"size-medium wp-image-31682 aligncenter\" src=\"https:\/\/www.revistazetta.com\/wp-content\/uploads\/2019\/08\/hugo-2-300x188.jpg\" alt=\"\" width=\"300\" height=\"188\" srcset=\"https:\/\/revistazetta.com\/wp-content\/uploads\/2019\/08\/hugo-2-300x188.jpg 300w, https:\/\/revistazetta.com\/wp-content\/uploads\/2019\/08\/hugo-2-234x146.jpg 234w, https:\/\/revistazetta.com\/wp-content\/uploads\/2019\/08\/hugo-2-50x31.jpg 50w, https:\/\/revistazetta.com\/wp-content\/uploads\/2019\/08\/hugo-2-120x75.jpg 120w, https:\/\/revistazetta.com\/wp-content\/uploads\/2019\/08\/hugo-2.jpg 768w\" sizes=\"auto, (max-width: 300px) 100vw, 300px\" \/><\/p>\n<p>&nbsp;<\/p>\n<p>&nbsp;<\/p>\n","protected":false},"excerpt":{"rendered":"<p>Luis Roberto Ballestas tiene claro para qu\u00e9, a sus 24 a\u00f1os, est\u00e1 abri\u00e9ndose paso en la pol\u00edtica de Cartagena: \u00abEstoy en la pol\u00edtica para frenar la corrupci\u00f3n\u00bb. Avalado por el partido Centro Democr\u00e1tico-Mira, con el n\u00famero 5 en el tarjet\u00f3n para Concejo de Cartagena, lo\u00a0dice con convicci\u00f3n y sin titubeos, y expresa que ese es el compromiso de las nuevas generaciones, que no quieren a una ciudad hundida en la crisis, sino con futuro para todos. \u00abNo podemos aceptar que el presupuesto de Cartagena se lo sigan quedando unos pocos\u00bb,&#8230; <\/p>\n","protected":false},"author":3,"featured_media":31672,"comment_status":"open","ping_status":"closed","sticky":false,"template":"","format":"standard","meta":{"footnotes":"","_links_to":"","_links_to_target":""},"categories":[75,4],"tags":[],"class_list":["post-31678","post","type-post","status-publish","format-standard","has-post-thumbnail","hentry","category-destacada","category-politica"],"_links":{"self":[{"href":"https:\/\/revistazetta.com\/index.php?rest_route=\/wp\/v2\/posts\/31678","targetHints":{"allow":["GET"]}}],"collection":[{"href":"https:\/\/revistazetta.com\/index.php?rest_route=\/wp\/v2\/posts"}],"about":[{"href":"https:\/\/revistazetta.com\/index.php?rest_route=\/wp\/v2\/types\/post"}],"author":[{"embeddable":true,"href":"https:\/\/revistazetta.com\/index.php?rest_route=\/wp\/v2\/users\/3"}],"replies":[{"embeddable":true,"href":"https:\/\/revistazetta.com\/index.php?rest_route=%2Fwp%2Fv2%2Fcomments&post=31678"}],"version-history":[{"count":0,"href":"https:\/\/revistazetta.com\/index.php?rest_route=\/wp\/v2\/posts\/31678\/revisions"}],"wp:featuredmedia":[{"embeddable":true,"href":"https:\/\/revistazetta.com\/index.php?rest_route=\/wp\/v2\/media\/31672"}],"wp:attachment":[{"href":"https:\/\/revistazetta.com\/index.php?rest_route=%2Fwp%2Fv2%2Fmedia&parent=31678"}],"wp:term":[{"taxonomy":"category","embeddable":true,"href":"https:\/\/revistazetta.com\/index.php?rest_route=%2Fwp%2Fv2%2Fcategories&post=31678"},{"taxonomy":"post_tag","embeddable":true,"href":"https:\/\/revistazetta.com\/index.php?rest_route=%2Fwp%2Fv2%2Ftags&post=31678"}],"curies":[{"name":"wp","href":"https:\/\/api.w.org\/{rel}","templated":true}]}}