{"id":31691,"date":"2019-08-24T05:20:48","date_gmt":"2019-08-24T10:20:48","guid":{"rendered":"http:\/\/www.revistazetta.com\/?p=31691"},"modified":"2019-08-24T05:49:08","modified_gmt":"2019-08-24T10:49:08","slug":"orbita-politica-jora-sabado-24-agosto-2019","status":"publish","type":"post","link":"https:\/\/revistazetta.com\/?p=31691","title":{"rendered":"\u00d3rbita Pol\u00edtica de John Zamora &#8211; s\u00e1bado 24 de agosto 2019"},"content":{"rendered":"<p><strong>Reapareci\u00f3 Quinto<\/strong><\/p>\n<p>No ve\u00edamos desde hace rato al exalcalde Antonio Quinto Guerra, quien esta semana reapareci\u00f3 en la escena pol\u00edtica al asistir a una reuni\u00f3n con juventudes del candidato conservador al Concejo Cristian Herazo. Salud\u00f3 a todo el mundo, le dio la bienvenida al candidato a la Gobernaci\u00f3n Vicente Blel Scaff, quien hizo parte del evento, y me dijo que \u201cesta semana hablamos\u201d\u2026<\/p>\n<p>&nbsp;<\/p>\n<p><strong>El deporte une<\/strong><\/p>\n<p>Ernesto Lucena como Ministro del Deporte y Dumek Turbay como gobernador de Bol\u00edvar andan muy sintonizados\u2026 no solo tienen que trabajar juntos en la ejecuci\u00f3n de los Juegos Deportivos Nacionales, sino que tambi\u00e9n hacen deporte juntos. Semanas atr\u00e1s los vimos pedaleando a ritmo del Tour de Francia y esta semana estuvieron jugando el partido inaugural de la nueva cancha sint\u00e9tica instalada en el campo Minuto de Dios, en el Carmen de Bol\u00edvar.<\/p>\n<p>&nbsp;<\/p>\n<p><strong>La tripulaci\u00f3n<\/strong><\/p>\n<p>El candidato a la Gobernaci\u00f3n de Bol\u00edvar Vicente Blel Scaff se encuentra este fin de semana en el sur de Bol\u00edvar, a donde viaj\u00f3 en avioneta hasta San Pablo, y de all\u00ed en helic\u00f3ptero hasta Cantagallo. En el vuelo lo acompa\u00f1\u00f3 una multipartidista \u201ctripulaci\u00f3n\u201d: Carlos F\u00e9liz Monsalve, Silvio Carrasquilla y William Montes Medina.<\/p>\n<p>&nbsp;<\/p>\n<p>&nbsp;<\/p>\n","protected":false},"excerpt":{"rendered":"<p>Reapareci\u00f3 Quinto No ve\u00edamos desde hace rato al exalcalde Antonio Quinto Guerra, quien esta semana reapareci\u00f3 en la escena pol\u00edtica al asistir a una reuni\u00f3n con juventudes del candidato conservador al Concejo Cristian Herazo. Salud\u00f3 a todo el mundo, le dio la bienvenida al candidato a la Gobernaci\u00f3n Vicente Blel Scaff, quien hizo parte del evento, y me dijo que \u201cesta semana hablamos\u201d\u2026 &nbsp; El deporte une Ernesto Lucena como Ministro del Deporte y Dumek Turbay como gobernador de Bol\u00edvar andan muy sintonizados\u2026 no solo tienen que trabajar juntos en&#8230; <\/p>\n","protected":false},"author":3,"featured_media":31692,"comment_status":"open","ping_status":"closed","sticky":false,"template":"","format":"standard","meta":{"footnotes":"","_links_to":"","_links_to_target":""},"categories":[75,44,45],"tags":[],"class_list":["post-31691","post","type-post","status-publish","format-standard","has-post-thumbnail","hentry","category-destacada","category-materiagris","category-orbita"],"_links":{"self":[{"href":"https:\/\/revistazetta.com\/index.php?rest_route=\/wp\/v2\/posts\/31691","targetHints":{"allow":["GET"]}}],"collection":[{"href":"https:\/\/revistazetta.com\/index.php?rest_route=\/wp\/v2\/posts"}],"about":[{"href":"https:\/\/revistazetta.com\/index.php?rest_route=\/wp\/v2\/types\/post"}],"author":[{"embeddable":true,"href":"https:\/\/revistazetta.com\/index.php?rest_route=\/wp\/v2\/users\/3"}],"replies":[{"embeddable":true,"href":"https:\/\/revistazetta.com\/index.php?rest_route=%2Fwp%2Fv2%2Fcomments&post=31691"}],"version-history":[{"count":0,"href":"https:\/\/revistazetta.com\/index.php?rest_route=\/wp\/v2\/posts\/31691\/revisions"}],"wp:featuredmedia":[{"embeddable":true,"href":"https:\/\/revistazetta.com\/index.php?rest_route=\/wp\/v2\/media\/31692"}],"wp:attachment":[{"href":"https:\/\/revistazetta.com\/index.php?rest_route=%2Fwp%2Fv2%2Fmedia&parent=31691"}],"wp:term":[{"taxonomy":"category","embeddable":true,"href":"https:\/\/revistazetta.com\/index.php?rest_route=%2Fwp%2Fv2%2Fcategories&post=31691"},{"taxonomy":"post_tag","embeddable":true,"href":"https:\/\/revistazetta.com\/index.php?rest_route=%2Fwp%2Fv2%2Ftags&post=31691"}],"curies":[{"name":"wp","href":"https:\/\/api.w.org\/{rel}","templated":true}]}}