{"id":31695,"date":"2019-08-24T09:42:55","date_gmt":"2019-08-24T14:42:55","guid":{"rendered":"http:\/\/www.revistazetta.com\/?p=31695"},"modified":"2019-08-24T09:42:55","modified_gmt":"2019-08-24T14:42:55","slug":"pes-retoma-jornada-nacionalidad-migrantes-venezolanos","status":"publish","type":"post","link":"https:\/\/revistazetta.com\/?p=31695","title":{"rendered":"PES retoma jornada de nacionalidad a migrantes venezolanos"},"content":{"rendered":"<div>Durante el pr\u00f3ximo mes, el Plan de Emergencia Social Pedro Romero (PES-PR) retomar\u00e1 las Jornadas de Identificaci\u00f3n para otorgar nacionalidad a ciudadanos venezolanos, hijos de padre y\/ o madre colombiano sin costo alguno.<\/div>\n<div><\/div>\n<div>\u00a0El Plan de Emergencia Social Pedro Romero (PES.PR) y la Registradur\u00eda Nacional del Estado Civil, a trav\u00e9s de la Unidad de Atenci\u00f3n a Poblaci\u00f3n Vulnerable (UAPV), realizan desde este lunes 26 de agosto las Jornadas de Identificaci\u00f3n, con lo que se ha logrado, hasta la fecha, realizar la expedici\u00f3n de 6.270 documentos de identidad, de los cuales 2689 son registro civil, 1418 son tarjeta de identidad \u00a0y 2163 son c\u00e9dulas.<\/div>\n<div><\/div>\n<div>\u201cDesde este lunes 26 ret\u00f3manos por un mes m\u00e1s la jornada de identificaci\u00f3n donde pretendemos beneficiar a una gran poblaci\u00f3n de migrantes venezolanos. Hay satisfacci\u00f3n y motivaci\u00f3n por el resultado del trabajo que se ha venido realizando. Somos la primera ciudad del pa\u00eds no fronteriza con m\u00e1s tramites de identificaci\u00f3n\u00bb, se\u00f1al\u00f3 Robert Beltr\u00e1n, coordinador del Subprograma de Identificaci\u00f3n.<\/div>\n<div><\/div>\n<div>El PES PR estar\u00e1 en tres puntos de la ciudad realizando esta gran jornada que realizar\u00e1 aproximadamente 40 tramites diarios durante un mes en los siguientes lugares y en estas fechas se agendaran los turnos:<\/div>\n<div><\/div>\n<div>\u2022 26 y 27 de agosto, Poz\u00f3n sector La Conquista.<\/div>\n<div><\/div>\n<div>\u2022 9 y 10 de septiembre, Pasacaballos.<\/div>\n<div><\/div>\n<div>\u2022 18 de septiembre, Ceballos.<\/div>\n<div><\/div>\n","protected":false},"excerpt":{"rendered":"<p>Durante el pr\u00f3ximo mes, el Plan de Emergencia Social Pedro Romero (PES-PR) retomar\u00e1 las Jornadas de Identificaci\u00f3n para otorgar nacionalidad a ciudadanos venezolanos, hijos de padre y\/ o madre colombiano sin costo alguno. \u00a0El Plan de Emergencia Social Pedro Romero (PES.PR) y la Registradur\u00eda Nacional del Estado Civil, a trav\u00e9s de la Unidad de Atenci\u00f3n a Poblaci\u00f3n Vulnerable (UAPV), realizan desde este lunes 26 de agosto las Jornadas de Identificaci\u00f3n, con lo que se ha logrado, hasta la fecha, realizar la expedici\u00f3n de 6.270 documentos de identidad, de los cuales&#8230; <\/p>\n","protected":false},"author":3,"featured_media":31696,"comment_status":"open","ping_status":"closed","sticky":false,"template":"","format":"standard","meta":{"footnotes":"","_links_to":"","_links_to_target":""},"categories":[75,86,32],"tags":[],"class_list":["post-31695","post","type-post","status-publish","format-standard","has-post-thumbnail","hentry","category-destacada","category-comunidad","category-actualidad-distrito"],"_links":{"self":[{"href":"https:\/\/revistazetta.com\/index.php?rest_route=\/wp\/v2\/posts\/31695","targetHints":{"allow":["GET"]}}],"collection":[{"href":"https:\/\/revistazetta.com\/index.php?rest_route=\/wp\/v2\/posts"}],"about":[{"href":"https:\/\/revistazetta.com\/index.php?rest_route=\/wp\/v2\/types\/post"}],"author":[{"embeddable":true,"href":"https:\/\/revistazetta.com\/index.php?rest_route=\/wp\/v2\/users\/3"}],"replies":[{"embeddable":true,"href":"https:\/\/revistazetta.com\/index.php?rest_route=%2Fwp%2Fv2%2Fcomments&post=31695"}],"version-history":[{"count":0,"href":"https:\/\/revistazetta.com\/index.php?rest_route=\/wp\/v2\/posts\/31695\/revisions"}],"wp:featuredmedia":[{"embeddable":true,"href":"https:\/\/revistazetta.com\/index.php?rest_route=\/wp\/v2\/media\/31696"}],"wp:attachment":[{"href":"https:\/\/revistazetta.com\/index.php?rest_route=%2Fwp%2Fv2%2Fmedia&parent=31695"}],"wp:term":[{"taxonomy":"category","embeddable":true,"href":"https:\/\/revistazetta.com\/index.php?rest_route=%2Fwp%2Fv2%2Fcategories&post=31695"},{"taxonomy":"post_tag","embeddable":true,"href":"https:\/\/revistazetta.com\/index.php?rest_route=%2Fwp%2Fv2%2Ftags&post=31695"}],"curies":[{"name":"wp","href":"https:\/\/api.w.org\/{rel}","templated":true}]}}