{"id":31759,"date":"2019-08-25T21:50:52","date_gmt":"2019-08-26T02:50:52","guid":{"rendered":"http:\/\/www.revistazetta.com\/?p=31759"},"modified":"2019-08-26T00:09:10","modified_gmt":"2019-08-26T05:09:10","slug":"galeria-apoyo-alvaro-uribe-fernando-araujo-alcaldia","status":"publish","type":"post","link":"https:\/\/revistazetta.com\/?p=31759","title":{"rendered":"Galer\u00eda: Apoyo de \u00c1lvaro Uribe a Fernando Ara\u00fajo para Alcald\u00eda"},"content":{"rendered":"<p>El expresidente y senador \u00c1lvaro Uribe V\u00e9lez encabez\u00f3 una reuni\u00f3n de respaldo a Fernando Ara\u00fajo como candidato a la Alcald\u00eda de Cartagena, a la que asistieron candidatos a Concejo, Asamblea y Jal de la alianza Centro Democr\u00e1tico &#8211; Mira.<\/p>\n<div id=\"attachment_31757\" style=\"width: 310px\" class=\"wp-caption alignnone\"><img loading=\"lazy\" decoding=\"async\" aria-describedby=\"caption-attachment-31757\" class=\"wp-image-31757 size-medium\" src=\"https:\/\/www.revistazetta.com\/wp-content\/uploads\/2019\/08\/FAP-Uribe-18-300x188.jpg\" alt=\"\" width=\"300\" height=\"188\" srcset=\"https:\/\/revistazetta.com\/wp-content\/uploads\/2019\/08\/FAP-Uribe-18-300x188.jpg 300w, https:\/\/revistazetta.com\/wp-content\/uploads\/2019\/08\/FAP-Uribe-18.jpg 1024w, https:\/\/revistazetta.com\/wp-content\/uploads\/2019\/08\/FAP-Uribe-18-234x146.jpg 234w, https:\/\/revistazetta.com\/wp-content\/uploads\/2019\/08\/FAP-Uribe-18-50x31.jpg 50w, https:\/\/revistazetta.com\/wp-content\/uploads\/2019\/08\/FAP-Uribe-18-120x75.jpg 120w\" sizes=\"auto, (max-width: 300px) 100vw, 300px\" \/><p id=\"caption-attachment-31757\" class=\"wp-caption-text\">Fernando Ara\u00fajo ante la concurrencia en el Napole\u00f3n Perea.<\/p><\/div>\n<div id=\"attachment_31756\" style=\"width: 310px\" class=\"wp-caption alignnone\"><img loading=\"lazy\" decoding=\"async\" aria-describedby=\"caption-attachment-31756\" class=\"wp-image-31756 size-medium\" src=\"https:\/\/www.revistazetta.com\/wp-content\/uploads\/2019\/08\/FAP-Uribe-17-300x188.jpg\" alt=\"\" width=\"300\" height=\"188\" srcset=\"https:\/\/revistazetta.com\/wp-content\/uploads\/2019\/08\/FAP-Uribe-17-300x188.jpg 300w, https:\/\/revistazetta.com\/wp-content\/uploads\/2019\/08\/FAP-Uribe-17.jpg 1024w, https:\/\/revistazetta.com\/wp-content\/uploads\/2019\/08\/FAP-Uribe-17-234x146.jpg 234w, https:\/\/revistazetta.com\/wp-content\/uploads\/2019\/08\/FAP-Uribe-17-50x31.jpg 50w, https:\/\/revistazetta.com\/wp-content\/uploads\/2019\/08\/FAP-Uribe-17-120x75.jpg 120w\" sizes=\"auto, (max-width: 300px) 100vw, 300px\" \/><p id=\"caption-attachment-31756\" class=\"wp-caption-text\">\u00c1lvaro Uribe exalt\u00f3 las condiciones de Ara\u00fajo para ser alcalde.<\/p><\/div>\n<p>&nbsp;<\/p>\n<div id=\"attachment_31761\" style=\"width: 310px\" class=\"wp-caption alignnone\"><img loading=\"lazy\" decoding=\"async\" aria-describedby=\"caption-attachment-31761\" class=\"wp-image-31761 size-medium\" src=\"https:\/\/www.revistazetta.com\/wp-content\/uploads\/2019\/08\/Luis-Guardela-2-300x188.jpg\" alt=\"\" width=\"300\" height=\"188\" srcset=\"https:\/\/revistazetta.com\/wp-content\/uploads\/2019\/08\/Luis-Guardela-2-300x188.jpg 300w, https:\/\/revistazetta.com\/wp-content\/uploads\/2019\/08\/Luis-Guardela-2.jpg 1024w, https:\/\/revistazetta.com\/wp-content\/uploads\/2019\/08\/Luis-Guardela-2-234x146.jpg 234w, https:\/\/revistazetta.com\/wp-content\/uploads\/2019\/08\/Luis-Guardela-2-50x31.jpg 50w, https:\/\/revistazetta.com\/wp-content\/uploads\/2019\/08\/Luis-Guardela-2-120x75.jpg 120w\" sizes=\"auto, (max-width: 300px) 100vw, 300px\" \/><p id=\"caption-attachment-31761\" class=\"wp-caption-text\">Luis Guardela, candidato a la Asamblea N\u00ba 51.<\/p><\/div>\n<div id=\"attachment_31762\" style=\"width: 310px\" class=\"wp-caption alignnone\"><img loading=\"lazy\" decoding=\"async\" aria-describedby=\"caption-attachment-31762\" class=\"wp-image-31762 size-medium\" src=\"https:\/\/www.revistazetta.com\/wp-content\/uploads\/2019\/08\/Luis-Ro-4-300x240.jpg\" alt=\"\" width=\"300\" height=\"240\" srcset=\"https:\/\/revistazetta.com\/wp-content\/uploads\/2019\/08\/Luis-Ro-4-300x240.jpg 300w, https:\/\/revistazetta.com\/wp-content\/uploads\/2019\/08\/Luis-Ro-4-183x146.jpg 183w, https:\/\/revistazetta.com\/wp-content\/uploads\/2019\/08\/Luis-Ro-4-50x40.jpg 50w, https:\/\/revistazetta.com\/wp-content\/uploads\/2019\/08\/Luis-Ro-4-94x75.jpg 94w, https:\/\/revistazetta.com\/wp-content\/uploads\/2019\/08\/Luis-Ro-4.jpg 800w\" sizes=\"auto, (max-width: 300px) 100vw, 300px\" \/><p id=\"caption-attachment-31762\" class=\"wp-caption-text\">LuisRo Ballestas, candidato al Concejo N\u00aa 5.<\/p><\/div>\n<div id=\"attachment_31763\" style=\"width: 310px\" class=\"wp-caption alignnone\"><img loading=\"lazy\" decoding=\"async\" aria-describedby=\"caption-attachment-31763\" class=\"wp-image-31763 size-medium\" src=\"https:\/\/www.revistazetta.com\/wp-content\/uploads\/2019\/08\/Susana-3-300x188.jpg\" alt=\"\" width=\"300\" height=\"188\" srcset=\"https:\/\/revistazetta.com\/wp-content\/uploads\/2019\/08\/Susana-3-300x188.jpg 300w, https:\/\/revistazetta.com\/wp-content\/uploads\/2019\/08\/Susana-3.jpg 1024w, https:\/\/revistazetta.com\/wp-content\/uploads\/2019\/08\/Susana-3-234x146.jpg 234w, https:\/\/revistazetta.com\/wp-content\/uploads\/2019\/08\/Susana-3-50x31.jpg 50w, https:\/\/revistazetta.com\/wp-content\/uploads\/2019\/08\/Susana-3-120x75.jpg 120w\" sizes=\"auto, (max-width: 300px) 100vw, 300px\" \/><p id=\"caption-attachment-31763\" class=\"wp-caption-text\">Susana Espinosa, candidata a la JAL 1 N\u00ba 81.<\/p><\/div>\n<p><img loading=\"lazy\" decoding=\"async\" class=\"alignnone size-medium wp-image-31755\" src=\"https:\/\/www.revistazetta.com\/wp-content\/uploads\/2019\/08\/FAP-Uribe-16-240x300.jpg\" alt=\"\" width=\"240\" height=\"300\" srcset=\"https:\/\/revistazetta.com\/wp-content\/uploads\/2019\/08\/FAP-Uribe-16-240x300.jpg 240w, https:\/\/revistazetta.com\/wp-content\/uploads\/2019\/08\/FAP-Uribe-16-117x146.jpg 117w, https:\/\/revistazetta.com\/wp-content\/uploads\/2019\/08\/FAP-Uribe-16-40x50.jpg 40w, https:\/\/revistazetta.com\/wp-content\/uploads\/2019\/08\/FAP-Uribe-16-60x75.jpg 60w, https:\/\/revistazetta.com\/wp-content\/uploads\/2019\/08\/FAP-Uribe-16.jpg 640w\" sizes=\"auto, (max-width: 240px) 100vw, 240px\" \/><\/p>\n<div id=\"attachment_31754\" style=\"width: 310px\" class=\"wp-caption alignnone\"><img loading=\"lazy\" decoding=\"async\" aria-describedby=\"caption-attachment-31754\" class=\"wp-image-31754 size-medium\" src=\"https:\/\/www.revistazetta.com\/wp-content\/uploads\/2019\/08\/FAP-Uribe-15-300x188.jpg\" alt=\"\" width=\"300\" height=\"188\" srcset=\"https:\/\/revistazetta.com\/wp-content\/uploads\/2019\/08\/FAP-Uribe-15-300x188.jpg 300w, https:\/\/revistazetta.com\/wp-content\/uploads\/2019\/08\/FAP-Uribe-15.jpg 1024w, https:\/\/revistazetta.com\/wp-content\/uploads\/2019\/08\/FAP-Uribe-15-234x146.jpg 234w, https:\/\/revistazetta.com\/wp-content\/uploads\/2019\/08\/FAP-Uribe-15-50x31.jpg 50w, https:\/\/revistazetta.com\/wp-content\/uploads\/2019\/08\/FAP-Uribe-15-120x75.jpg 120w\" sizes=\"auto, (max-width: 300px) 100vw, 300px\" \/><p id=\"caption-attachment-31754\" class=\"wp-caption-text\">Grupo de candidatos al Concejo de Centro Democr\u00e1tico &#8211; Mira.<\/p><\/div>\n<div id=\"attachment_31765\" style=\"width: 310px\" class=\"wp-caption alignnone\"><img loading=\"lazy\" decoding=\"async\" aria-describedby=\"caption-attachment-31765\" class=\"wp-image-31765 size-medium\" src=\"https:\/\/www.revistazetta.com\/wp-content\/uploads\/2019\/08\/Yassir-13-300x200.jpg\" alt=\"\" width=\"300\" height=\"200\" srcset=\"https:\/\/revistazetta.com\/wp-content\/uploads\/2019\/08\/Yassir-13-300x200.jpg 300w, https:\/\/revistazetta.com\/wp-content\/uploads\/2019\/08\/Yassir-13-1024x682.jpg 1024w, https:\/\/revistazetta.com\/wp-content\/uploads\/2019\/08\/Yassir-13-219x146.jpg 219w, https:\/\/revistazetta.com\/wp-content\/uploads\/2019\/08\/Yassir-13-50x33.jpg 50w, https:\/\/revistazetta.com\/wp-content\/uploads\/2019\/08\/Yassir-13-113x75.jpg 113w, https:\/\/revistazetta.com\/wp-content\/uploads\/2019\/08\/Yassir-13.jpg 1280w\" sizes=\"auto, (max-width: 300px) 100vw, 300px\" \/><p id=\"caption-attachment-31765\" class=\"wp-caption-text\">Yassir Anaya, candidato al Concejo N\u00ba 7.<\/p><\/div>\n<p><img loading=\"lazy\" decoding=\"async\" class=\"alignnone size-medium wp-image-31753\" src=\"https:\/\/www.revistazetta.com\/wp-content\/uploads\/2019\/08\/FAP-Uribe-14-300x188.jpg\" alt=\"\" width=\"300\" height=\"188\" srcset=\"https:\/\/revistazetta.com\/wp-content\/uploads\/2019\/08\/FAP-Uribe-14-300x188.jpg 300w, https:\/\/revistazetta.com\/wp-content\/uploads\/2019\/08\/FAP-Uribe-14.jpg 1024w, https:\/\/revistazetta.com\/wp-content\/uploads\/2019\/08\/FAP-Uribe-14-234x146.jpg 234w, https:\/\/revistazetta.com\/wp-content\/uploads\/2019\/08\/FAP-Uribe-14-50x31.jpg 50w, https:\/\/revistazetta.com\/wp-content\/uploads\/2019\/08\/FAP-Uribe-14-120x75.jpg 120w\" sizes=\"auto, (max-width: 300px) 100vw, 300px\" \/><\/p>\n<p><img loading=\"lazy\" decoding=\"async\" class=\"alignnone size-medium wp-image-31750\" src=\"https:\/\/www.revistazetta.com\/wp-content\/uploads\/2019\/08\/FAP-Uribe-11-300x188.jpg\" alt=\"\" width=\"300\" height=\"188\" srcset=\"https:\/\/revistazetta.com\/wp-content\/uploads\/2019\/08\/FAP-Uribe-11-300x188.jpg 300w, https:\/\/revistazetta.com\/wp-content\/uploads\/2019\/08\/FAP-Uribe-11.jpg 1024w, https:\/\/revistazetta.com\/wp-content\/uploads\/2019\/08\/FAP-Uribe-11-234x146.jpg 234w, https:\/\/revistazetta.com\/wp-content\/uploads\/2019\/08\/FAP-Uribe-11-50x31.jpg 50w, https:\/\/revistazetta.com\/wp-content\/uploads\/2019\/08\/FAP-Uribe-11-120x75.jpg 120w\" sizes=\"auto, (max-width: 300px) 100vw, 300px\" \/><\/p>\n<div id=\"attachment_31758\" style=\"width: 310px\" class=\"wp-caption alignnone\"><img loading=\"lazy\" decoding=\"async\" aria-describedby=\"caption-attachment-31758\" class=\"wp-image-31758 size-medium\" src=\"https:\/\/www.revistazetta.com\/wp-content\/uploads\/2019\/08\/FAP-Uribe-19-300x200.jpg\" alt=\"\" width=\"300\" height=\"200\" srcset=\"https:\/\/revistazetta.com\/wp-content\/uploads\/2019\/08\/FAP-Uribe-19-300x200.jpg 300w, https:\/\/revistazetta.com\/wp-content\/uploads\/2019\/08\/FAP-Uribe-19-1024x682.jpg 1024w, https:\/\/revistazetta.com\/wp-content\/uploads\/2019\/08\/FAP-Uribe-19-219x146.jpg 219w, https:\/\/revistazetta.com\/wp-content\/uploads\/2019\/08\/FAP-Uribe-19-50x33.jpg 50w, https:\/\/revistazetta.com\/wp-content\/uploads\/2019\/08\/FAP-Uribe-19-113x75.jpg 113w, https:\/\/revistazetta.com\/wp-content\/uploads\/2019\/08\/FAP-Uribe-19.jpg 1280w\" sizes=\"auto, (max-width: 300px) 100vw, 300px\" \/><p id=\"caption-attachment-31758\" class=\"wp-caption-text\">Senador Fernando Nicol\u00e1s Ara\u00fajo y su padre, el candidato Fernando Ara\u00fajo.<\/p><\/div>\n<div id=\"attachment_31760\" style=\"width: 310px\" class=\"wp-caption alignnone\"><img loading=\"lazy\" decoding=\"async\" aria-describedby=\"caption-attachment-31760\" class=\"wp-image-31760 size-medium\" src=\"https:\/\/www.revistazetta.com\/wp-content\/uploads\/2019\/08\/Juliet-5-300x200.jpg\" alt=\"\" width=\"300\" height=\"200\" srcset=\"https:\/\/revistazetta.com\/wp-content\/uploads\/2019\/08\/Juliet-5-300x200.jpg 300w, https:\/\/revistazetta.com\/wp-content\/uploads\/2019\/08\/Juliet-5-1024x682.jpg 1024w, https:\/\/revistazetta.com\/wp-content\/uploads\/2019\/08\/Juliet-5-219x146.jpg 219w, https:\/\/revistazetta.com\/wp-content\/uploads\/2019\/08\/Juliet-5-50x33.jpg 50w, https:\/\/revistazetta.com\/wp-content\/uploads\/2019\/08\/Juliet-5-113x75.jpg 113w, https:\/\/revistazetta.com\/wp-content\/uploads\/2019\/08\/Juliet-5.jpg 1280w\" sizes=\"auto, (max-width: 300px) 100vw, 300px\" \/><p id=\"caption-attachment-31760\" class=\"wp-caption-text\">Juliet Jim\u00e9nez, candidata a la Asamblea N\u00ba 64.<\/p><\/div>\n<div id=\"attachment_31764\" style=\"width: 310px\" class=\"wp-caption alignnone\"><img loading=\"lazy\" decoding=\"async\" aria-describedby=\"caption-attachment-31764\" class=\"wp-image-31764 size-medium\" src=\"https:\/\/www.revistazetta.com\/wp-content\/uploads\/2019\/08\/Uribe-crocs-300x188.jpg\" alt=\"\" width=\"300\" height=\"188\" srcset=\"https:\/\/revistazetta.com\/wp-content\/uploads\/2019\/08\/Uribe-crocs-300x188.jpg 300w, https:\/\/revistazetta.com\/wp-content\/uploads\/2019\/08\/Uribe-crocs.jpg 1024w, https:\/\/revistazetta.com\/wp-content\/uploads\/2019\/08\/Uribe-crocs-234x146.jpg 234w, https:\/\/revistazetta.com\/wp-content\/uploads\/2019\/08\/Uribe-crocs-50x31.jpg 50w, https:\/\/revistazetta.com\/wp-content\/uploads\/2019\/08\/Uribe-crocs-120x75.jpg 120w\" sizes=\"auto, (max-width: 300px) 100vw, 300px\" \/><p id=\"caption-attachment-31764\" class=\"wp-caption-text\">Las populares Crocs de Uribe.<\/p><\/div>\n<p>&nbsp;<\/p>\n","protected":false},"excerpt":{"rendered":"<p>El expresidente y senador \u00c1lvaro Uribe V\u00e9lez encabez\u00f3 una reuni\u00f3n de respaldo a Fernando Ara\u00fajo como candidato a la Alcald\u00eda de Cartagena, a la que asistieron candidatos a Concejo, Asamblea y Jal de la alianza Centro Democr\u00e1tico &#8211; Mira. &nbsp; &nbsp;<\/p>\n","protected":false},"author":3,"featured_media":31789,"comment_status":"open","ping_status":"closed","sticky":false,"template":"","format":"standard","meta":{"footnotes":"","_links_to":"","_links_to_target":""},"categories":[92],"tags":[],"class_list":["post-31759","post","type-post","status-publish","format-standard","has-post-thumbnail","hentry","category-galeria"],"_links":{"self":[{"href":"https:\/\/revistazetta.com\/index.php?rest_route=\/wp\/v2\/posts\/31759","targetHints":{"allow":["GET"]}}],"collection":[{"href":"https:\/\/revistazetta.com\/index.php?rest_route=\/wp\/v2\/posts"}],"about":[{"href":"https:\/\/revistazetta.com\/index.php?rest_route=\/wp\/v2\/types\/post"}],"author":[{"embeddable":true,"href":"https:\/\/revistazetta.com\/index.php?rest_route=\/wp\/v2\/users\/3"}],"replies":[{"embeddable":true,"href":"https:\/\/revistazetta.com\/index.php?rest_route=%2Fwp%2Fv2%2Fcomments&post=31759"}],"version-history":[{"count":0,"href":"https:\/\/revistazetta.com\/index.php?rest_route=\/wp\/v2\/posts\/31759\/revisions"}],"wp:featuredmedia":[{"embeddable":true,"href":"https:\/\/revistazetta.com\/index.php?rest_route=\/wp\/v2\/media\/31789"}],"wp:attachment":[{"href":"https:\/\/revistazetta.com\/index.php?rest_route=%2Fwp%2Fv2%2Fmedia&parent=31759"}],"wp:term":[{"taxonomy":"category","embeddable":true,"href":"https:\/\/revistazetta.com\/index.php?rest_route=%2Fwp%2Fv2%2Fcategories&post=31759"},{"taxonomy":"post_tag","embeddable":true,"href":"https:\/\/revistazetta.com\/index.php?rest_route=%2Fwp%2Fv2%2Ftags&post=31759"}],"curies":[{"name":"wp","href":"https:\/\/api.w.org\/{rel}","templated":true}]}}