{"id":31792,"date":"2019-08-26T07:17:38","date_gmt":"2019-08-26T12:17:38","guid":{"rendered":"http:\/\/www.revistazetta.com\/?p=31792"},"modified":"2019-08-26T07:17:38","modified_gmt":"2019-08-26T12:17:38","slug":"compromiso-la-seguridad-desarrollo-social-yasir-anaya","status":"publish","type":"post","link":"https:\/\/revistazetta.com\/?p=31792","title":{"rendered":"El compromiso es por la seguridad y el desarrollo social: Yasir Anaya"},"content":{"rendered":"<p><img loading=\"lazy\" decoding=\"async\" class=\"size-medium wp-image-31794 alignright\" src=\"https:\/\/www.revistazetta.com\/wp-content\/uploads\/2019\/08\/Yassir-1-300x188.jpg\" alt=\"\" width=\"300\" height=\"188\" srcset=\"https:\/\/revistazetta.com\/wp-content\/uploads\/2019\/08\/Yassir-1-300x188.jpg 300w, https:\/\/revistazetta.com\/wp-content\/uploads\/2019\/08\/Yassir-1.jpg 1024w, https:\/\/revistazetta.com\/wp-content\/uploads\/2019\/08\/Yassir-1-234x146.jpg 234w, https:\/\/revistazetta.com\/wp-content\/uploads\/2019\/08\/Yassir-1-50x31.jpg 50w, https:\/\/revistazetta.com\/wp-content\/uploads\/2019\/08\/Yassir-1-120x75.jpg 120w\" sizes=\"auto, (max-width: 300px) 100vw, 300px\" \/>Con un escenario abarrotado de seguidores, candidatos y dirigentes, el joven aspirante al Concejo de Cartagena, coavalado por los partidos Centro Democr\u00e1tico-Mira, Yasir Anaya Villamil, dio a conocer su consigna de trabajar incansablemente por las necesidades de los cartageneros.<\/p>\n<p>As\u00ed lo hizo acompa\u00f1ado del l\u00edder natural de su partido, el senador y dirigente \u00c1lvaro Uribe V\u00e9lez, y el tambi\u00e9n candidato a la Alcald\u00eda, Fernando Ara\u00fajo Perdomo, de quienes recibi\u00f3 el respaldo p\u00fablico en su intenci\u00f3n de ocupar un esca\u00f1o en la corporaci\u00f3n edilicia.<\/p>\n<p>En su intervenci\u00f3n, Anaya se refiri\u00f3 a las cifras de percepci\u00f3n arrojadas por el programa Cartagena C\u00f3mo Vamos, que indican que ocho de cada de diez cartageneros manifiestan sentirse inseguros en sus barrios.<\/p>\n<p>\u201cEste es un dato que nos preocupa demasiado. Es reflejo de que la inseguridad es uno de los principales flagelos que no permite el goce total de los derechos de los ciudadanos; de igual manera es un factor que pone trabas al desarrollo de la ciudad\u201d, indic\u00f3 el candidato.<\/p>\n<p>Anaya, que representa al sector empresarial y profesional, recorre d\u00eda a d\u00eda los barrios y comunidades de las tres localidades de Cartagena, escuchando las necesidades y propuestas de la gente para nutrir sus iniciativas de desarrollo social.<\/p>\n<p>\u201cNuestra principal intenci\u00f3n es contribuir al crecimiento econ\u00f3mico de la ciudad desde la generaci\u00f3n de oportunidades al tejido social, y para ello se requiere que tengamos las condiciones m\u00ednimas para trabajar, de ah\u00ed a que se tengan que priorizar los factores de seguridad y bienestar\u201d, asegur\u00f3 el aspirante.<\/p>\n<p>&nbsp;<\/p>\n","protected":false},"excerpt":{"rendered":"<p>Con un escenario abarrotado de seguidores, candidatos y dirigentes, el joven aspirante al Concejo de Cartagena, coavalado por los partidos Centro Democr\u00e1tico-Mira, Yasir Anaya Villamil, dio a conocer su consigna de trabajar incansablemente por las necesidades de los cartageneros. As\u00ed lo hizo acompa\u00f1ado del l\u00edder natural de su partido, el senador y dirigente \u00c1lvaro Uribe V\u00e9lez, y el tambi\u00e9n candidato a la Alcald\u00eda, Fernando Ara\u00fajo Perdomo, de quienes recibi\u00f3 el respaldo p\u00fablico en su intenci\u00f3n de ocupar un esca\u00f1o en la corporaci\u00f3n edilicia. En su intervenci\u00f3n, Anaya se refiri\u00f3 a&#8230; <\/p>\n","protected":false},"author":3,"featured_media":31793,"comment_status":"open","ping_status":"closed","sticky":false,"template":"","format":"standard","meta":{"footnotes":"","_links_to":"","_links_to_target":""},"categories":[75],"tags":[],"class_list":["post-31792","post","type-post","status-publish","format-standard","has-post-thumbnail","hentry","category-destacada"],"_links":{"self":[{"href":"https:\/\/revistazetta.com\/index.php?rest_route=\/wp\/v2\/posts\/31792","targetHints":{"allow":["GET"]}}],"collection":[{"href":"https:\/\/revistazetta.com\/index.php?rest_route=\/wp\/v2\/posts"}],"about":[{"href":"https:\/\/revistazetta.com\/index.php?rest_route=\/wp\/v2\/types\/post"}],"author":[{"embeddable":true,"href":"https:\/\/revistazetta.com\/index.php?rest_route=\/wp\/v2\/users\/3"}],"replies":[{"embeddable":true,"href":"https:\/\/revistazetta.com\/index.php?rest_route=%2Fwp%2Fv2%2Fcomments&post=31792"}],"version-history":[{"count":0,"href":"https:\/\/revistazetta.com\/index.php?rest_route=\/wp\/v2\/posts\/31792\/revisions"}],"wp:featuredmedia":[{"embeddable":true,"href":"https:\/\/revistazetta.com\/index.php?rest_route=\/wp\/v2\/media\/31793"}],"wp:attachment":[{"href":"https:\/\/revistazetta.com\/index.php?rest_route=%2Fwp%2Fv2%2Fmedia&parent=31792"}],"wp:term":[{"taxonomy":"category","embeddable":true,"href":"https:\/\/revistazetta.com\/index.php?rest_route=%2Fwp%2Fv2%2Fcategories&post=31792"},{"taxonomy":"post_tag","embeddable":true,"href":"https:\/\/revistazetta.com\/index.php?rest_route=%2Fwp%2Fv2%2Ftags&post=31792"}],"curies":[{"name":"wp","href":"https:\/\/api.w.org\/{rel}","templated":true}]}}