{"id":31824,"date":"2019-08-27T06:31:31","date_gmt":"2019-08-27T11:31:31","guid":{"rendered":"http:\/\/www.revistazetta.com\/?p=31824"},"modified":"2019-08-27T06:31:31","modified_gmt":"2019-08-27T11:31:31","slug":"orbita-politica-john-zamora-martes-27-agosto-2019","status":"publish","type":"post","link":"https:\/\/revistazetta.com\/?p=31824","title":{"rendered":"\u00d3rbita Pol\u00edtica de John Zamora &#8211; Martes 27 de agosto 2019"},"content":{"rendered":"<p><strong>Novato y puntero<\/strong><\/p>\n<p>No s\u00f3lo es la primera vez que presenta su nombre para el Concejo, sino que hay un presagio de alt\u00edsima votaci\u00f3n. La candidatura de Cristian Herazo (Conservador N\u00ba 2) naci\u00f3 s\u00f3lida y, a juzgar por los respaldos y el trabajo, bien podr\u00eda resultar puntero en los resultados del partido Conservador, donde tambi\u00e9n hay otros \u201ccaballos\u201d que de igual forma quieren estar en la cima, para tener tranquilidad.<\/p>\n<p>&nbsp;<\/p>\n<p><strong>Nada de burocracia<\/strong><\/p>\n<p>El expresidente \u00c1lvaro Uribe es fiel a su estilo, donde pone a la gente a hablar. En el acto de respaldo a Fernando Ara\u00fajo como candidato a la Alcald\u00eda, por la tarima desfilaron uno a uno candidatos a Concejo, JAL y Asamblea, y les pidi\u00f3 que dijeran su principal prop\u00f3sito. Oh sorpresa, algunos comenzaron a decir que crear\u00e1n la secretar\u00eda de la Mujer\u2026 de la Juventud\u2026 de la Movilidad\u2026 de la Familia\u2026 en fin, hasta que Uribe les \u201crecogi\u00f3\u201d la propuesta: nada de burocracia, mucha austeridad, mano firme contra la corrupci\u00f3n y coraz\u00f3n grande con los pobres.<\/p>\n<p>&nbsp;<\/p>\n<p><strong>Cumplea\u00f1os en campa\u00f1a<\/strong><\/p>\n<p>A Liliana Su\u00e1rez le tom\u00f3 su cumplea\u00f1os en plena campa\u00f1a a Concejo (ASI \u2013 7), por lo que el domingo pasado la agenda combin\u00f3 la celebraci\u00f3n familiar con los compromisos con las comunidades. Su esposo, el actual concejal Ronald Fortich, le prepar\u00f3 ameno \u00e1gape junto con toda la familia, as\u00ed que estuvo muy felicitada y, lo mejor, rodeada de la alegr\u00eda y cari\u00f1o de los suyos.<\/p>\n","protected":false},"excerpt":{"rendered":"<p>Novato y puntero No s\u00f3lo es la primera vez que presenta su nombre para el Concejo, sino que hay un presagio de alt\u00edsima votaci\u00f3n. La candidatura de Cristian Herazo (Conservador N\u00ba 2) naci\u00f3 s\u00f3lida y, a juzgar por los respaldos y el trabajo, bien podr\u00eda resultar puntero en los resultados del partido Conservador, donde tambi\u00e9n hay otros \u201ccaballos\u201d que de igual forma quieren estar en la cima, para tener tranquilidad. &nbsp; Nada de burocracia El expresidente \u00c1lvaro Uribe es fiel a su estilo, donde pone a la gente a hablar&#8230;. <\/p>\n","protected":false},"author":3,"featured_media":31825,"comment_status":"open","ping_status":"closed","sticky":false,"template":"","format":"standard","meta":{"footnotes":"","_links_to":"","_links_to_target":""},"categories":[75,44,45],"tags":[],"class_list":["post-31824","post","type-post","status-publish","format-standard","has-post-thumbnail","hentry","category-destacada","category-materiagris","category-orbita"],"_links":{"self":[{"href":"https:\/\/revistazetta.com\/index.php?rest_route=\/wp\/v2\/posts\/31824","targetHints":{"allow":["GET"]}}],"collection":[{"href":"https:\/\/revistazetta.com\/index.php?rest_route=\/wp\/v2\/posts"}],"about":[{"href":"https:\/\/revistazetta.com\/index.php?rest_route=\/wp\/v2\/types\/post"}],"author":[{"embeddable":true,"href":"https:\/\/revistazetta.com\/index.php?rest_route=\/wp\/v2\/users\/3"}],"replies":[{"embeddable":true,"href":"https:\/\/revistazetta.com\/index.php?rest_route=%2Fwp%2Fv2%2Fcomments&post=31824"}],"version-history":[{"count":0,"href":"https:\/\/revistazetta.com\/index.php?rest_route=\/wp\/v2\/posts\/31824\/revisions"}],"wp:featuredmedia":[{"embeddable":true,"href":"https:\/\/revistazetta.com\/index.php?rest_route=\/wp\/v2\/media\/31825"}],"wp:attachment":[{"href":"https:\/\/revistazetta.com\/index.php?rest_route=%2Fwp%2Fv2%2Fmedia&parent=31824"}],"wp:term":[{"taxonomy":"category","embeddable":true,"href":"https:\/\/revistazetta.com\/index.php?rest_route=%2Fwp%2Fv2%2Fcategories&post=31824"},{"taxonomy":"post_tag","embeddable":true,"href":"https:\/\/revistazetta.com\/index.php?rest_route=%2Fwp%2Fv2%2Ftags&post=31824"}],"curies":[{"name":"wp","href":"https:\/\/api.w.org\/{rel}","templated":true}]}}