{"id":31826,"date":"2019-08-27T06:55:07","date_gmt":"2019-08-27T11:55:07","guid":{"rendered":"http:\/\/www.revistazetta.com\/?p=31826"},"modified":"2019-08-27T06:55:07","modified_gmt":"2019-08-27T11:55:07","slug":"senador-garcia-zuccardi-plantea-medidas-urgentes-evitar-muerte-ciclistas","status":"publish","type":"post","link":"https:\/\/revistazetta.com\/?p=31826","title":{"rendered":"Senador Garc\u00eda Zuccardi plantea medidas urgentes para evitar muerte de ciclistas"},"content":{"rendered":"<p>En plenaria de Senado, el Senador Andr\u00e9s Garc\u00eda Zuccardi expres\u00f3 sus condolencias ante la muerte de la deportista y asegur\u00f3 que se necesitan tomar medidas urgentes frente a los accidentes en las v\u00edas colombianos.<\/p>\n<p>\u201cProponemos 4 medidas urgentes:<\/p>\n<p>1. Disminuir el l\u00edmite de velocidad de veh\u00edculos motorizados<\/p>\n<p>2. Transporte Multimodal de Carga, que incluya trenes, barcos y transporte a\u00e9reo<\/p>\n<p>3. Implementaci\u00f3n en todo el territorio nacional de la Ley Pro Bici (Ley 1811 de 2016) y<\/p>\n<p>4. M\u00e1s transporte p\u00fablico en todo el pa\u00eds\u201d, se\u00f1al\u00f3 el Senador, autor de la ley Pro bici y co creador de la Bancada Pro Bici.<\/p>\n<p>Seg\u00fan Medicina Legal, entre los a\u00f1os 2016 y 2018, un total de 1.183 ciclistas murieron en el pa\u00eds, en medio de accidentes de tr\u00e1nsito. Por eso desde la Bancada de la Bici se han enviado a todos los municipios y departamentos del pa\u00eds derechos de petici\u00f3n solicitando informaci\u00f3n sobre las acciones concretas para la implementaci\u00f3n de la Ley ProBici. \u201cHacemos un llamado a la Procuradur\u00eda para que asuma su responsabilidad y se exija el cumplimiento de la ley\u201d, a\u00f1adi\u00f3 AGZ.<\/p>\n","protected":false},"excerpt":{"rendered":"<p>En plenaria de Senado, el Senador Andr\u00e9s Garc\u00eda Zuccardi expres\u00f3 sus condolencias ante la muerte de la deportista y asegur\u00f3 que se necesitan tomar medidas urgentes frente a los accidentes en las v\u00edas colombianos. \u201cProponemos 4 medidas urgentes: 1. Disminuir el l\u00edmite de velocidad de veh\u00edculos motorizados 2. Transporte Multimodal de Carga, que incluya trenes, barcos y transporte a\u00e9reo 3. Implementaci\u00f3n en todo el territorio nacional de la Ley Pro Bici (Ley 1811 de 2016) y 4. M\u00e1s transporte p\u00fablico en todo el pa\u00eds\u201d, se\u00f1al\u00f3 el Senador, autor de la&#8230; <\/p>\n","protected":false},"author":3,"featured_media":31827,"comment_status":"open","ping_status":"closed","sticky":false,"template":"","format":"standard","meta":{"footnotes":"","_links_to":"","_links_to_target":""},"categories":[2,75],"tags":[],"class_list":["post-31826","post","type-post","status-publish","format-standard","has-post-thumbnail","hentry","category-actualidad","category-destacada"],"_links":{"self":[{"href":"https:\/\/revistazetta.com\/index.php?rest_route=\/wp\/v2\/posts\/31826","targetHints":{"allow":["GET"]}}],"collection":[{"href":"https:\/\/revistazetta.com\/index.php?rest_route=\/wp\/v2\/posts"}],"about":[{"href":"https:\/\/revistazetta.com\/index.php?rest_route=\/wp\/v2\/types\/post"}],"author":[{"embeddable":true,"href":"https:\/\/revistazetta.com\/index.php?rest_route=\/wp\/v2\/users\/3"}],"replies":[{"embeddable":true,"href":"https:\/\/revistazetta.com\/index.php?rest_route=%2Fwp%2Fv2%2Fcomments&post=31826"}],"version-history":[{"count":0,"href":"https:\/\/revistazetta.com\/index.php?rest_route=\/wp\/v2\/posts\/31826\/revisions"}],"wp:featuredmedia":[{"embeddable":true,"href":"https:\/\/revistazetta.com\/index.php?rest_route=\/wp\/v2\/media\/31827"}],"wp:attachment":[{"href":"https:\/\/revistazetta.com\/index.php?rest_route=%2Fwp%2Fv2%2Fmedia&parent=31826"}],"wp:term":[{"taxonomy":"category","embeddable":true,"href":"https:\/\/revistazetta.com\/index.php?rest_route=%2Fwp%2Fv2%2Fcategories&post=31826"},{"taxonomy":"post_tag","embeddable":true,"href":"https:\/\/revistazetta.com\/index.php?rest_route=%2Fwp%2Fv2%2Ftags&post=31826"}],"curies":[{"name":"wp","href":"https:\/\/api.w.org\/{rel}","templated":true}]}}