{"id":31848,"date":"2019-08-29T07:30:18","date_gmt":"2019-08-29T12:30:18","guid":{"rendered":"http:\/\/www.revistazetta.com\/?p=31848"},"modified":"2019-08-29T07:30:18","modified_gmt":"2019-08-29T12:30:18","slug":"alcalde-propone-uso-energias-alternativas-proyectos-vis","status":"publish","type":"post","link":"https:\/\/revistazetta.com\/?p=31848","title":{"rendered":"Alcalde propone uso energ\u00edas alternativas en proyectos VIS"},"content":{"rendered":"<p>El alcalde de Cartagena, Pedrito Pereira Caballero, propuso en el Congreso de Camacol 2019 \u201cEl futuro se construye desde las regiones\u201d que se exploren opciones de energ\u00edas alternativas en los proyectos de Viviendas de Inter\u00e9s Social (VIS), donde las condiciones geo-clim\u00e1ticas lo permitan.<\/p>\n<p>Para el mandatario, se trata de articular esfuerzos entre\u00a0 quienes desarrollan iniciativas de energ\u00edas alternativas y los constructores, que conlleven a mejorar los est\u00e1ndares de aislamiento y eficiencia energ\u00e9tica, que, en regiones como el Caribe, se han convertido en una necesidad.<\/p>\n<p>\u00abEs probable que cuando los paneles solares hagan parte integral de los proyectos VIS, ya en el Caribe tengamos un operador de energ\u00eda menos traum\u00e1tico que el actual, pero seguramente ser\u00e1 un alivio para el bolsillo de los nuevos propietarios, por contar con un servicio energ\u00e9tico incorporado a su soluci\u00f3n de vivienda, m\u00e1s econ\u00f3mico y eficiente\u00bb, dijo el mandatario en la instalaci\u00f3n del evento que congrega al sector de la construcci\u00f3n del pa\u00eds.<\/p>\n<p>El Alcalde explic\u00f3 que, seg\u00fan expertos en generaci\u00f3n de energ\u00edas alternativas, \u00e9stas podr\u00edan ser de gran soporte en otros sectores de la infraestructura, contribuyendo a un mayor impacto de la inversi\u00f3n p\u00fablica y a eventuales reducciones tarifarias a los usuarios de servicios p\u00fablicos, si se lograra operar, por ejemplo, algunos acueductos con energ\u00eda solar.<\/p>\n<p>\u00abEl Caribe estar\u00eda en condiciones de producir energ\u00eda social para toda Colombia y contribuir al desarrollo y crecimiento econ\u00f3mico de la naci\u00f3n, por la que ustedes tambi\u00e9n trabajan con empe\u00f1o y mediante la realizaci\u00f3n de eventos como \u00e9ste, en el que las cartas sobre articulaci\u00f3n e innovaci\u00f3n productiva, est\u00e1n sobre la mesa\u00bb, dijo el Alcalde.<\/p>\n","protected":false},"excerpt":{"rendered":"<p>El alcalde de Cartagena, Pedrito Pereira Caballero, propuso en el Congreso de Camacol 2019 \u201cEl futuro se construye desde las regiones\u201d que se exploren opciones de energ\u00edas alternativas en los proyectos de Viviendas de Inter\u00e9s Social (VIS), donde las condiciones geo-clim\u00e1ticas lo permitan. Para el mandatario, se trata de articular esfuerzos entre\u00a0 quienes desarrollan iniciativas de energ\u00edas alternativas y los constructores, que conlleven a mejorar los est\u00e1ndares de aislamiento y eficiencia energ\u00e9tica, que, en regiones como el Caribe, se han convertido en una necesidad. \u00abEs probable que cuando los paneles&#8230; <\/p>\n","protected":false},"author":3,"featured_media":31849,"comment_status":"open","ping_status":"closed","sticky":false,"template":"","format":"standard","meta":{"footnotes":"","_links_to":"","_links_to_target":""},"categories":[75,32],"tags":[],"class_list":["post-31848","post","type-post","status-publish","format-standard","has-post-thumbnail","hentry","category-destacada","category-actualidad-distrito"],"_links":{"self":[{"href":"https:\/\/revistazetta.com\/index.php?rest_route=\/wp\/v2\/posts\/31848","targetHints":{"allow":["GET"]}}],"collection":[{"href":"https:\/\/revistazetta.com\/index.php?rest_route=\/wp\/v2\/posts"}],"about":[{"href":"https:\/\/revistazetta.com\/index.php?rest_route=\/wp\/v2\/types\/post"}],"author":[{"embeddable":true,"href":"https:\/\/revistazetta.com\/index.php?rest_route=\/wp\/v2\/users\/3"}],"replies":[{"embeddable":true,"href":"https:\/\/revistazetta.com\/index.php?rest_route=%2Fwp%2Fv2%2Fcomments&post=31848"}],"version-history":[{"count":0,"href":"https:\/\/revistazetta.com\/index.php?rest_route=\/wp\/v2\/posts\/31848\/revisions"}],"wp:featuredmedia":[{"embeddable":true,"href":"https:\/\/revistazetta.com\/index.php?rest_route=\/wp\/v2\/media\/31849"}],"wp:attachment":[{"href":"https:\/\/revistazetta.com\/index.php?rest_route=%2Fwp%2Fv2%2Fmedia&parent=31848"}],"wp:term":[{"taxonomy":"category","embeddable":true,"href":"https:\/\/revistazetta.com\/index.php?rest_route=%2Fwp%2Fv2%2Fcategories&post=31848"},{"taxonomy":"post_tag","embeddable":true,"href":"https:\/\/revistazetta.com\/index.php?rest_route=%2Fwp%2Fv2%2Ftags&post=31848"}],"curies":[{"name":"wp","href":"https:\/\/api.w.org\/{rel}","templated":true}]}}