{"id":31850,"date":"2019-08-29T09:17:09","date_gmt":"2019-08-29T14:17:09","guid":{"rendered":"http:\/\/www.revistazetta.com\/?p=31850"},"modified":"2019-08-29T09:18:38","modified_gmt":"2019-08-29T14:18:38","slug":"orbita-politica-john-zamora-jueves-29-agosto-2019","status":"publish","type":"post","link":"https:\/\/revistazetta.com\/?p=31850","title":{"rendered":"\u00d3rbita Pol\u00edtica de John Zamora &#8211; jueves 29 de agosto 2019"},"content":{"rendered":"<p><strong>Tutela con muchos nutrientes<\/strong><\/p>\n<p>El concejal \u00d3scar Mar\u00edn estima que hay una vulneraci\u00f3n de derechos fundamentales de los estudiantes de Cartagena y entutel\u00f3 al PAE. El alcalde estima que no hay razones y as\u00ed argumentar\u00e1 ante el Juzgado que asuma el proceso.<\/p>\n<p>Como el PAE es asunto de todos, resultar\u00e1 importante la decisi\u00f3n judicial. A veces los asuntos son susceptibles de mejora, y otras veces no hay otro remedio que la tutela. El juez dir\u00e1.<\/p>\n<p>Eso es lo que se ve por encima a primera vista, pero si se examina con un poco m\u00e1s de detalle, se observar\u00e1 que hay una evidente tensi\u00f3n pol\u00edtica entre el ala conservadora a la que pertenece Mar\u00edn, y el ala que representa el alcalde\u2026<\/p>\n<p>&nbsp;<\/p>\n<p><strong>Pensionados con Luis Daniel<\/strong><\/p>\n<p>\u201cComplacido recib\u00ed el apoyo de la Asociaci\u00f3n de Pensionados de la Universidad de Cartagena. SI SE PUEDE trabajar para mejorar la calidad y oportunidad de sus servicios m\u00e9dicos asistenciales, programas sociales y culturales, seguimos avanzando con la bendici\u00f3n de Dios, \u201cPor un Bol\u00edvar Sobresaliente\u201d.<\/p>\n<p>As\u00ed comparti\u00f3 el candidato a la Gobernaci\u00f3n de Bol\u00edvar, Luis Daniel Vargas, esta noticia con sus seguidores en redes sociales.<\/p>\n<p>&nbsp;<\/p>\n<p><strong>Cambio Radical vuelve con WGT<\/strong><\/p>\n<p>William Garc\u00eda Tirado fue concejal de Cartagena y Representante a la C\u00e1mara cuando militaba en Cambio Radical, partido del que se retir\u00f3 hace pocos a\u00f1os.<\/p>\n<p>Ahora tiene el aval del partido Colombia Justa Libres y ha cosechado apoyo de otras colectividades como el partido Liberal. En estos d\u00edas se debe anunciar el respaldo de Cambio Radical, con todo y foto con Germ\u00e1n Vargas Lleras.<\/p>\n","protected":false},"excerpt":{"rendered":"<p>Tutela con muchos nutrientes El concejal \u00d3scar Mar\u00edn estima que hay una vulneraci\u00f3n de derechos fundamentales de los estudiantes de Cartagena y entutel\u00f3 al PAE. El alcalde estima que no hay razones y as\u00ed argumentar\u00e1 ante el Juzgado que asuma el proceso. Como el PAE es asunto de todos, resultar\u00e1 importante la decisi\u00f3n judicial. A veces los asuntos son susceptibles de mejora, y otras veces no hay otro remedio que la tutela. El juez dir\u00e1. Eso es lo que se ve por encima a primera vista, pero si se examina&#8230; <\/p>\n","protected":false},"author":3,"featured_media":31851,"comment_status":"open","ping_status":"closed","sticky":false,"template":"","format":"standard","meta":{"footnotes":"","_links_to":"","_links_to_target":""},"categories":[75,44,45],"tags":[],"class_list":["post-31850","post","type-post","status-publish","format-standard","has-post-thumbnail","hentry","category-destacada","category-materiagris","category-orbita"],"_links":{"self":[{"href":"https:\/\/revistazetta.com\/index.php?rest_route=\/wp\/v2\/posts\/31850","targetHints":{"allow":["GET"]}}],"collection":[{"href":"https:\/\/revistazetta.com\/index.php?rest_route=\/wp\/v2\/posts"}],"about":[{"href":"https:\/\/revistazetta.com\/index.php?rest_route=\/wp\/v2\/types\/post"}],"author":[{"embeddable":true,"href":"https:\/\/revistazetta.com\/index.php?rest_route=\/wp\/v2\/users\/3"}],"replies":[{"embeddable":true,"href":"https:\/\/revistazetta.com\/index.php?rest_route=%2Fwp%2Fv2%2Fcomments&post=31850"}],"version-history":[{"count":0,"href":"https:\/\/revistazetta.com\/index.php?rest_route=\/wp\/v2\/posts\/31850\/revisions"}],"wp:featuredmedia":[{"embeddable":true,"href":"https:\/\/revistazetta.com\/index.php?rest_route=\/wp\/v2\/media\/31851"}],"wp:attachment":[{"href":"https:\/\/revistazetta.com\/index.php?rest_route=%2Fwp%2Fv2%2Fmedia&parent=31850"}],"wp:term":[{"taxonomy":"category","embeddable":true,"href":"https:\/\/revistazetta.com\/index.php?rest_route=%2Fwp%2Fv2%2Fcategories&post=31850"},{"taxonomy":"post_tag","embeddable":true,"href":"https:\/\/revistazetta.com\/index.php?rest_route=%2Fwp%2Fv2%2Ftags&post=31850"}],"curies":[{"name":"wp","href":"https:\/\/api.w.org\/{rel}","templated":true}]}}