{"id":31856,"date":"2019-08-29T11:19:19","date_gmt":"2019-08-29T16:19:19","guid":{"rendered":"http:\/\/www.revistazetta.com\/?p=31856"},"modified":"2019-08-29T11:19:19","modified_gmt":"2019-08-29T16:19:19","slug":"los-la-paz-somos-mas-presidente-del-senado","status":"publish","type":"post","link":"https:\/\/revistazetta.com\/?p=31856","title":{"rendered":"\u201cLos de la paz somos m\u00e1s\u201d: Presidente del Senado"},"content":{"rendered":"<p>Declaraci\u00f3n del<br \/>\nPresidente del Senado, Lidi\u00f3 Garc\u00eda Turbay<\/p>\n<p>A los se\u00f1ores de la guerra que el estado los reduzca, a quienes creemos y queremos la Paz que nos permitan seguir trabajando en su construcci\u00f3n<\/p>\n<p>El pa\u00eds amaneci\u00f3 hoy con la lamentable noticia, de un grupo de disidentes de las Farc regresaron a las armas.<\/p>\n<p>Se trata de un hecho que rechazamos desde toda perspectiva, en momentos en que avanzamos por el sendero de la paz anhelada durante d\u00e9cadas.<\/p>\n<p>Pero los colombianos hicimos una apuesta irreductible por la esperanza. Las negociaciones de La Habana, en la que particip\u00f3 no un gobierno sino el Estado, sembraron la semilla de una nueva naci\u00f3n que sigue inc\u00f3lume a pesar del anuncio de las \u00faltimas horas.<\/p>\n<p>Ese es nuestro gran hecho hist\u00f3rico de este siglo. No otro.<\/p>\n<p>Respetando los acuerdos se mantienen, seg\u00fan han dicho los senadores del partido de las Farc, alrededor del 90 por ciento de excombatientes; y en la misma brega, digo yo, los colombianos que creemos y trabajamos por construir un ma\u00f1ana mejor.<\/p>\n<p>A ellos, como a todos, les pedimos que no acojan los gritos de guerra y, por el contrario desplegamos la vocaci\u00f3n de reconciliaci\u00f3n y perd\u00f3n que son inherentes a nuestra condici\u00f3n humana.<\/p>\n<p>Es hora de volver a los acuerdos y no de darles la espalda. Que los que se declaran al margen, tengan todo peso de la ley y la autoridad, pero que quienes se mantengan, reciban las prerrogativas de Estado acordadas para que no sigamos ahondando en la frustraci\u00f3n que intentan los guerreristas.<\/p>\n<p>Entend\u00e1moslo de una vez: Los de la paz, somos m\u00e1s.<\/p>\n<p>LIDIO GARC\u00edA TURBAY<br \/>\nPresidente<br \/>\nSenado de la Rep\u00fablica<\/p>\n","protected":false},"excerpt":{"rendered":"<p>Declaraci\u00f3n del Presidente del Senado, Lidi\u00f3 Garc\u00eda Turbay A los se\u00f1ores de la guerra que el estado los reduzca, a quienes creemos y queremos la Paz que nos permitan seguir trabajando en su construcci\u00f3n El pa\u00eds amaneci\u00f3 hoy con la lamentable noticia, de un grupo de disidentes de las Farc regresaron a las armas. Se trata de un hecho que rechazamos desde toda perspectiva, en momentos en que avanzamos por el sendero de la paz anhelada durante d\u00e9cadas. Pero los colombianos hicimos una apuesta irreductible por la esperanza. Las negociaciones&#8230; <\/p>\n","protected":false},"author":3,"featured_media":31857,"comment_status":"open","ping_status":"closed","sticky":false,"template":"","format":"standard","meta":{"footnotes":"","_links_to":"","_links_to_target":""},"categories":[2,75,35],"tags":[],"class_list":["post-31856","post","type-post","status-publish","format-standard","has-post-thumbnail","hentry","category-actualidad","category-destacada","category-actualidad-nacion"],"_links":{"self":[{"href":"https:\/\/revistazetta.com\/index.php?rest_route=\/wp\/v2\/posts\/31856","targetHints":{"allow":["GET"]}}],"collection":[{"href":"https:\/\/revistazetta.com\/index.php?rest_route=\/wp\/v2\/posts"}],"about":[{"href":"https:\/\/revistazetta.com\/index.php?rest_route=\/wp\/v2\/types\/post"}],"author":[{"embeddable":true,"href":"https:\/\/revistazetta.com\/index.php?rest_route=\/wp\/v2\/users\/3"}],"replies":[{"embeddable":true,"href":"https:\/\/revistazetta.com\/index.php?rest_route=%2Fwp%2Fv2%2Fcomments&post=31856"}],"version-history":[{"count":0,"href":"https:\/\/revistazetta.com\/index.php?rest_route=\/wp\/v2\/posts\/31856\/revisions"}],"wp:featuredmedia":[{"embeddable":true,"href":"https:\/\/revistazetta.com\/index.php?rest_route=\/wp\/v2\/media\/31857"}],"wp:attachment":[{"href":"https:\/\/revistazetta.com\/index.php?rest_route=%2Fwp%2Fv2%2Fmedia&parent=31856"}],"wp:term":[{"taxonomy":"category","embeddable":true,"href":"https:\/\/revistazetta.com\/index.php?rest_route=%2Fwp%2Fv2%2Fcategories&post=31856"},{"taxonomy":"post_tag","embeddable":true,"href":"https:\/\/revistazetta.com\/index.php?rest_route=%2Fwp%2Fv2%2Ftags&post=31856"}],"curies":[{"name":"wp","href":"https:\/\/api.w.org\/{rel}","templated":true}]}}