{"id":31859,"date":"2019-08-30T07:38:40","date_gmt":"2019-08-30T12:38:40","guid":{"rendered":"http:\/\/www.revistazetta.com\/?p=31859"},"modified":"2019-08-30T09:37:01","modified_gmt":"2019-08-30T14:37:01","slug":"proceso-eleccion-nuevo-contralor-bolivar-sello-transparencia-dice-presidente-asamblea","status":"publish","type":"post","link":"https:\/\/revistazetta.com\/?p=31859","title":{"rendered":"Proceso para elecci\u00f3n de nuevo Contralor de Bol\u00edvar tiene sello de transparencia, dice Presidente de Asamblea"},"content":{"rendered":"<p>La elecci\u00f3n del nuevo Contralor Departamental de Bol\u00edvar ser\u00e1 en 2020, por lo que corresponder\u00e1 a los nuevos diputados que se elijan el pr\u00f3ximo 27 de octubre, precis\u00f3 el presidente de la Asamblea Departamental, Ignacio Becerra, quien no aspira a la reelecci\u00f3n y por tanto no estar\u00e1 el pr\u00f3ximo a\u00f1o en la Duma.<\/p>\n<p>Becerra se pronunci\u00f3 sobre el actual proceso de selecci\u00f3n y dijo que solicit\u00f3 el acompa\u00f1amiento de la Procuradur\u00eda, Fiscal\u00eda y Transparencia de Presidencia de la Rep\u00fablica, para que concurran en la vigilancia en todo momento y darle un sello de transparencia, am\u00e9n de las observaciones que se reciban de la ciudadan\u00eda.<\/p>\n<p>Explic\u00f3 que luego de una convocatoria y la firma de un convenio, le correspondi\u00f3 a la Universidad Distrital de Bogot\u00e1 Francisco Jos\u00e9 de Caldas adelantar el proceso, revisar las hojas de vida y expedir el listado de admitidos e inadmitidos, con su respectivo sustento. Este es el listado de admitidos:<\/p>\n<p>Pedro Luis Romero<br \/>\nCrist\u00f3bal Monterrosa<br \/>\nJavier Doria<br \/>\nRafael Montes Costa<br \/>\nJes\u00fas Joaqu\u00edn Caballero<br \/>\nErika L\u00f3pez Salom\u00e9<br \/>\nClemente Polo<br \/>\nJessica Fuentes Meneses<br \/>\nJuan Pablo Rivera<br \/>\nAna Patricia L\u00f3pez<br \/>\nLuis Alfredo Carballo<br \/>\nIngrid Paola Salas<br \/>\nEsmeralda Prada<br \/>\nOscar Eduardo Rojas<br \/>\nFabian Ochoa S\u00e1nchez<br \/>\nJuan Cabarcas<br \/>\nAroldo Coneo<br \/>\nCarolina Berr\u00edo Pinedo<br \/>\nJuan Pablo V\u00e1squez Castellar<br \/>\nRa\u00fal Guerrero<br \/>\nCamilo Torres Ardila<br \/>\nMilton Acosta<\/p>\n<p>Los no admitidos tuvieron oportunidad de presentar su reclamaci\u00f3n ante la Universidad responsable, la que debe dar respuesta.<\/p>\n<p>Becerra aclar\u00f3 que la Asamblea Departamental no revis\u00f3 ninguna hoja de vida ni mucho menos las evalu\u00f3. \u00abSolo las recibimos dentro del t\u00e9rmino, y las remitimos en correo certificado\u00bb, indic\u00f3.<\/p>\n<p>El presidente de la Duma tambi\u00e9n se\u00f1al\u00f3 que se le dio la debida publicidad al proceso, tanto en la p\u00e1gina de la entidad, como en avisos en El Universal, diario de mayor circulaci\u00f3n en Cartagena, y en redes sociales. Evidencia que hubo publicidad es que 64 personas entregaron hojas de vida.<\/p>\n<p>Becerra dijo que el proceso est\u00e1 abierto a los ojos de toda la ciudadan\u00eda y que se tomar\u00e1n todas las medidas para blindarlo \u00a0frente a cualquier inconsistencia , y darle garant\u00edas a todos los participantes.<\/p>\n<p><iframe loading=\"lazy\" src=\"https:\/\/www.youtube.com\/embed\/kq_MA4j0OA0\" width=\"560\" height=\"315\" frameborder=\"0\" allowfullscreen=\"allowfullscreen\"><\/iframe><\/p>\n<p>&nbsp;<\/p>\n<p>&nbsp;<\/p>\n<div data-url=\"https:\/\/issuu.com\/revistazetta\/docs\/duma_solicitud\" style=\"width: 500px; height: 354px;\" class=\"issuuembed\"><\/div>\n<p><script type=\"text\/javascript\" src=\"\/\/e.issuu.com\/embed.js\" async=\"true\"><\/script><\/p>\n<p>&nbsp;<\/p>\n<div data-url=\"https:\/\/issuu.com\/revistazetta\/docs\/duma_-_lista_admitidos_inadmitidos\" style=\"width: 500px; height: 324px;\" class=\"issuuembed\"><\/div>\n<p><script type=\"text\/javascript\" src=\"\/\/e.issuu.com\/embed.js\" async=\"true\"><\/script><\/p>\n<p>&nbsp;<\/p>\n<div id=\"attachment_31860\" style=\"width: 544px\" class=\"wp-caption aligncenter\"><img loading=\"lazy\" decoding=\"async\" aria-describedby=\"caption-attachment-31860\" class=\"wp-image-31860 size-full\" src=\"https:\/\/www.revistazetta.com\/wp-content\/uploads\/2019\/08\/Duma-Universal-1.jpg\" alt=\"\" width=\"534\" height=\"945\" srcset=\"https:\/\/revistazetta.com\/wp-content\/uploads\/2019\/08\/Duma-Universal-1.jpg 534w, https:\/\/revistazetta.com\/wp-content\/uploads\/2019\/08\/Duma-Universal-1-170x300.jpg 170w, https:\/\/revistazetta.com\/wp-content\/uploads\/2019\/08\/Duma-Universal-1-83x146.jpg 83w, https:\/\/revistazetta.com\/wp-content\/uploads\/2019\/08\/Duma-Universal-1-28x50.jpg 28w, https:\/\/revistazetta.com\/wp-content\/uploads\/2019\/08\/Duma-Universal-1-42x75.jpg 42w\" sizes=\"auto, (max-width: 534px) 100vw, 534px\" \/><p id=\"caption-attachment-31860\" class=\"wp-caption-text\">Uno de los avisos publicados en El Universal para publicitar la convocatoria.<\/p><\/div>\n","protected":false},"excerpt":{"rendered":"<p>La elecci\u00f3n del nuevo Contralor Departamental de Bol\u00edvar ser\u00e1 en 2020, por lo que corresponder\u00e1 a los nuevos diputados que se elijan el pr\u00f3ximo 27 de octubre, precis\u00f3 el presidente de la Asamblea Departamental, Ignacio Becerra, quien no aspira a la reelecci\u00f3n y por tanto no estar\u00e1 el pr\u00f3ximo a\u00f1o en la Duma. Becerra se pronunci\u00f3 sobre el actual proceso de selecci\u00f3n y dijo que solicit\u00f3 el acompa\u00f1amiento de la Procuradur\u00eda, Fiscal\u00eda y Transparencia de Presidencia de la Rep\u00fablica, para que concurran en la vigilancia en todo momento y darle&#8230; <\/p>\n","protected":false},"author":3,"featured_media":31861,"comment_status":"open","ping_status":"closed","sticky":false,"template":"","format":"standard","meta":{"footnotes":"","_links_to":"","_links_to_target":""},"categories":[75,28,4],"tags":[],"class_list":["post-31859","post","type-post","status-publish","format-standard","has-post-thumbnail","hentry","category-destacada","category-politica-asamblea","category-politica"],"_links":{"self":[{"href":"https:\/\/revistazetta.com\/index.php?rest_route=\/wp\/v2\/posts\/31859","targetHints":{"allow":["GET"]}}],"collection":[{"href":"https:\/\/revistazetta.com\/index.php?rest_route=\/wp\/v2\/posts"}],"about":[{"href":"https:\/\/revistazetta.com\/index.php?rest_route=\/wp\/v2\/types\/post"}],"author":[{"embeddable":true,"href":"https:\/\/revistazetta.com\/index.php?rest_route=\/wp\/v2\/users\/3"}],"replies":[{"embeddable":true,"href":"https:\/\/revistazetta.com\/index.php?rest_route=%2Fwp%2Fv2%2Fcomments&post=31859"}],"version-history":[{"count":0,"href":"https:\/\/revistazetta.com\/index.php?rest_route=\/wp\/v2\/posts\/31859\/revisions"}],"wp:featuredmedia":[{"embeddable":true,"href":"https:\/\/revistazetta.com\/index.php?rest_route=\/wp\/v2\/media\/31861"}],"wp:attachment":[{"href":"https:\/\/revistazetta.com\/index.php?rest_route=%2Fwp%2Fv2%2Fmedia&parent=31859"}],"wp:term":[{"taxonomy":"category","embeddable":true,"href":"https:\/\/revistazetta.com\/index.php?rest_route=%2Fwp%2Fv2%2Fcategories&post=31859"},{"taxonomy":"post_tag","embeddable":true,"href":"https:\/\/revistazetta.com\/index.php?rest_route=%2Fwp%2Fv2%2Ftags&post=31859"}],"curies":[{"name":"wp","href":"https:\/\/api.w.org\/{rel}","templated":true}]}}