{"id":31863,"date":"2019-08-31T04:27:01","date_gmt":"2019-08-31T09:27:01","guid":{"rendered":"http:\/\/www.revistazetta.com\/?p=31863"},"modified":"2019-08-31T04:28:03","modified_gmt":"2019-08-31T09:28:03","slug":"milagro-rio-opinion-danilo-contreras-desde-corea","status":"publish","type":"post","link":"https:\/\/revistazetta.com\/?p=31863","title":{"rendered":"Un milagro en el r\u00edo Han &#8211; Opini\u00f3n de Danilo Contreras desde Corea del Sur"},"content":{"rendered":"<p><strong><span style=\"color: #000080;\">Por Danilo Contreras (Especial para Revista Zetta).-<\/span> <span style=\"color: #003300;\">(Corea del Sur).-<\/span><\/strong> \u00a0 El azar es, quiz\u00e1s, la forma como el Dios de Spinoza suele actuar. Mil causas entreveradas en aparente capricho, dir\u00eda Borges, para hacer migajas una de mis supersticiones: Qu\u00e9 nos depara la suerte. Nos arriesgamos a entender que nada ocurre por casualidad, todo tiene una causa.<\/p>\n<p>Esto para decir que un mero ciudadano como el autor de esta prescindible p\u00e1gina, jam\u00e1s habr\u00eda pensado en viajar al otro lado del mundo, a Corea del Sur.<\/p>\n<p>Sin embargo ocurri\u00f3, y encuentro la causa de esta espl\u00e9ndida invitaci\u00f3n que en condici\u00f3n de Secretario de Agricultura de la Gobernaci\u00f3n de Bol\u00edvar nos formul\u00f3 la Agencia de Cooperaci\u00f3n Coreana y PNUD, en el esfuerzo conjunto que desde hace dos a\u00f1os venimos realizando con dichas entidades y otras en el territorio como Usaid, Sena, Agrosavia, Asofrucol, gobernaciones de Sucre y C\u00f3rdoba, Umatas de los municipios de Montes de Mar\u00eda y asociaciones de productores, para lograr reconocimiento del Ministerio de Agricultura a uno de nuestros productos agropecuarios m\u00e1s representativos: El \u00f1ame.<\/p>\n<p>Hace un par de meses, Andr\u00e9s Felipe Franco, funcionario de PNUD, me llam\u00f3 sorpresivamente en la ciudad de Bogot\u00e1 y me expres\u00f3 su entusiasmo por la noticia que hab\u00eda recibido del ministro de Agricultura en el sentido de la inminente inscripci\u00f3n de la cadena de \u00f1ame ante esa entidad. Antes de esto, el \u00f1ame era oficialmente inexistente para el Estado y en consecuencia, poco es el apoyo que puede esperarse. As\u00ed, el reconocimiento de esta cadena productiva es un salto cualitativo que, sin duda, abre inmensas posibilidades a nuestros cultivadores del tub\u00e9rculo, no solo en Bol\u00edvar,\u00a0 sino en el Caribe y otras regiones de la naci\u00f3n.<\/p>\n<p>Seguidamente se materializ\u00f3 la invitaci\u00f3n para que como funcionario, acompa\u00f1ara a un grupo de productores de \u00f1ame de Montes de Mar\u00eda a Corea y, adelantar all\u00ed un curso para el \u201cFortalecimiento de la competitividad de Mercados de Frutas y hortalizas\u201d. Es de resaltar que en la expedici\u00f3n participan tambi\u00e9n productores del Cauca y Tolima, as\u00ed como funcionarios del ministerio y del orden territorial.<\/p>\n<p>Bueno, aqu\u00ed estoy, en Corea, escribiendo este reporte, despu\u00e9s de 22 horas sobrevolando el mundo y de una inopinada escala en Par\u00eds.<\/p>\n<p>La historia de la amistad entre Corea y Colombia se acrisol\u00f3 en el fuego de una conflagraci\u00f3n que destroz\u00f3 la naci\u00f3n oriental luego de la segunda guerra mundial, por ser su territorio escenario estrat\u00e9gico de la guerra fr\u00eda que ahora parece reeditarse. Como se sabe, el batall\u00f3n Colombia fue enviado all\u00ed a luchar \u201ccontra el comunismo\u201d en agosto de 1951. De esa expedici\u00f3n quedaron 196 soldados colombianos muertos o desaparecidos y 400 heridos. Los coreanos aprecian sinceramente el gesto y esa es una de las razones que motivan sus genuinas muestras de amistad hacia Colombia.<\/p>\n<p>Es una experiencia fabulosa conocer este pa\u00eds y entiendo que es mi obligaci\u00f3n, como servidor p\u00fablico, compartir mis modestas impresiones acerca de este maravilloso periplo.<\/p>\n<p>Me propongo entonces, redactar tres notas incluida esta, en las que me referir\u00e9 a las gentes de Corea y su cultura, as\u00ed como a su sorprendente desarrollo de la agricultura y a sus ciudades, en particular la deslumbrante Se\u00fal que es la muestra inquietante de lo que muchos han llamado \u201cel milagro del rio Han\u201d.<\/p>\n","protected":false},"excerpt":{"rendered":"<p>Por Danilo Contreras (Especial para Revista Zetta).- (Corea del Sur).- \u00a0 El azar es, quiz\u00e1s, la forma como el Dios de Spinoza suele actuar. Mil causas entreveradas en aparente capricho, dir\u00eda Borges, para hacer migajas una de mis supersticiones: Qu\u00e9 nos depara la suerte. Nos arriesgamos a entender que nada ocurre por casualidad, todo tiene una causa. Esto para decir que un mero ciudadano como el autor de esta prescindible p\u00e1gina, jam\u00e1s habr\u00eda pensado en viajar al otro lado del mundo, a Corea del Sur. Sin embargo ocurri\u00f3, y encuentro&#8230; <\/p>\n","protected":false},"author":3,"featured_media":31864,"comment_status":"open","ping_status":"closed","sticky":false,"template":"","format":"standard","meta":{"footnotes":"","_links_to":"","_links_to_target":""},"categories":[75,44,65],"tags":[],"class_list":["post-31863","post","type-post","status-publish","format-standard","has-post-thumbnail","hentry","category-destacada","category-materiagris","category-opinion"],"_links":{"self":[{"href":"https:\/\/revistazetta.com\/index.php?rest_route=\/wp\/v2\/posts\/31863","targetHints":{"allow":["GET"]}}],"collection":[{"href":"https:\/\/revistazetta.com\/index.php?rest_route=\/wp\/v2\/posts"}],"about":[{"href":"https:\/\/revistazetta.com\/index.php?rest_route=\/wp\/v2\/types\/post"}],"author":[{"embeddable":true,"href":"https:\/\/revistazetta.com\/index.php?rest_route=\/wp\/v2\/users\/3"}],"replies":[{"embeddable":true,"href":"https:\/\/revistazetta.com\/index.php?rest_route=%2Fwp%2Fv2%2Fcomments&post=31863"}],"version-history":[{"count":0,"href":"https:\/\/revistazetta.com\/index.php?rest_route=\/wp\/v2\/posts\/31863\/revisions"}],"wp:featuredmedia":[{"embeddable":true,"href":"https:\/\/revistazetta.com\/index.php?rest_route=\/wp\/v2\/media\/31864"}],"wp:attachment":[{"href":"https:\/\/revistazetta.com\/index.php?rest_route=%2Fwp%2Fv2%2Fmedia&parent=31863"}],"wp:term":[{"taxonomy":"category","embeddable":true,"href":"https:\/\/revistazetta.com\/index.php?rest_route=%2Fwp%2Fv2%2Fcategories&post=31863"},{"taxonomy":"post_tag","embeddable":true,"href":"https:\/\/revistazetta.com\/index.php?rest_route=%2Fwp%2Fv2%2Ftags&post=31863"}],"curies":[{"name":"wp","href":"https:\/\/api.w.org\/{rel}","templated":true}]}}