{"id":31865,"date":"2019-08-31T04:50:31","date_gmt":"2019-08-31T09:50:31","guid":{"rendered":"http:\/\/www.revistazetta.com\/?p=31865"},"modified":"2019-08-31T04:50:31","modified_gmt":"2019-08-31T09:50:31","slug":"aprobado-plan-accion-traslado-la-carcel-san-diego","status":"publish","type":"post","link":"https:\/\/revistazetta.com\/?p=31865","title":{"rendered":"Aprobado plan acci\u00f3n para traslado de la c\u00e1rcel de San Diego"},"content":{"rendered":"<blockquote><p><strong>A finales de septiembre o principios de octubre se har\u00eda la mudanza al lote de conurbaci\u00f3n en Turbaco.<\/strong><\/p><\/blockquote>\n<p>El Distrito, a trav\u00e9s de consejo extraordinario de Gesti\u00f3n del Riesgo, aprob\u00f3 el Plan de Acci\u00f3n el traslado de la c\u00e1rcel de mujeres de Cartagena (c\u00e1rcel de San Diego) al lote ubicado en la zona de Conurbaci\u00f3n en el municipio de Turbaco.<\/p>\n<p>Este plan, seg\u00fan Jos\u00e9 Carlos Puello Rubio, secretario del interior y Convivencia Ciudadana, es el derrotero donde se establecen todas las rutas y actividades a desarrollar para llevar a feliz t\u00e9rmino el traslado de las internas a la nueva c\u00e1rcel, en el vecino municipio.<\/p>\n<p>\u201cEste plan incluye los temas como la mudanza, el arriendo, adecuaciones m\u00ednimas que se deben hacer antes de llevar a las internas, que fueron avaladas por el Inpec y la Uspec\u201d, sostuvo el funcionario.<\/p>\n<p>Agreg\u00f3 que el Distrito, cumple a cabalidad la orden emitida por la Sala Penal del Tribunal Superior del Distrito Judicial de Cartagena que prohibi\u00f3 que ingresen m\u00e1s internas a la actual sede de la c\u00e1rcel en San Diego.<\/p>\n<p>\u201cEsta medida se mantiene tal y como la plante\u00f3 la autoridad judicial para evitar caer en un desacato. Esa directriz la tiene el Director de la C\u00e1rcel de San Diego. Este fue un respaldo que entreg\u00f3 el Tribunal, ante tutela instaurada por la Procuradur\u00eda General de la Naci\u00f3n, a la emergencia que actualmente se vive en esta c\u00e1rcel\u201d, sostuvo Puello Rubio.<\/p>\n<p>Para la semana entrante se tiene previsto perfeccionar el arriendo del lote con los propietarios del bien inmueble y se comenzar\u00edan a realizar las obras internas que se requieren para el traslado de las internas.<\/p>\n<p>Por \u00faltimo, Puello Rubio sostuvo que a finales de septiembre o principios de octubre se dar\u00e1 el traslado de las internas a la nueva c\u00e1rcel de mujeres.<\/p>\n","protected":false},"excerpt":{"rendered":"<p>A finales de septiembre o principios de octubre se har\u00eda la mudanza al lote de conurbaci\u00f3n en Turbaco. El Distrito, a trav\u00e9s de consejo extraordinario de Gesti\u00f3n del Riesgo, aprob\u00f3 el Plan de Acci\u00f3n el traslado de la c\u00e1rcel de mujeres de Cartagena (c\u00e1rcel de San Diego) al lote ubicado en la zona de Conurbaci\u00f3n en el municipio de Turbaco. Este plan, seg\u00fan Jos\u00e9 Carlos Puello Rubio, secretario del interior y Convivencia Ciudadana, es el derrotero donde se establecen todas las rutas y actividades a desarrollar para llevar a feliz&#8230; <\/p>\n","protected":false},"author":3,"featured_media":31867,"comment_status":"open","ping_status":"closed","sticky":false,"template":"","format":"standard","meta":{"footnotes":"","_links_to":"","_links_to_target":""},"categories":[75,32],"tags":[],"class_list":["post-31865","post","type-post","status-publish","format-standard","has-post-thumbnail","hentry","category-destacada","category-actualidad-distrito"],"_links":{"self":[{"href":"https:\/\/revistazetta.com\/index.php?rest_route=\/wp\/v2\/posts\/31865","targetHints":{"allow":["GET"]}}],"collection":[{"href":"https:\/\/revistazetta.com\/index.php?rest_route=\/wp\/v2\/posts"}],"about":[{"href":"https:\/\/revistazetta.com\/index.php?rest_route=\/wp\/v2\/types\/post"}],"author":[{"embeddable":true,"href":"https:\/\/revistazetta.com\/index.php?rest_route=\/wp\/v2\/users\/3"}],"replies":[{"embeddable":true,"href":"https:\/\/revistazetta.com\/index.php?rest_route=%2Fwp%2Fv2%2Fcomments&post=31865"}],"version-history":[{"count":0,"href":"https:\/\/revistazetta.com\/index.php?rest_route=\/wp\/v2\/posts\/31865\/revisions"}],"wp:featuredmedia":[{"embeddable":true,"href":"https:\/\/revistazetta.com\/index.php?rest_route=\/wp\/v2\/media\/31867"}],"wp:attachment":[{"href":"https:\/\/revistazetta.com\/index.php?rest_route=%2Fwp%2Fv2%2Fmedia&parent=31865"}],"wp:term":[{"taxonomy":"category","embeddable":true,"href":"https:\/\/revistazetta.com\/index.php?rest_route=%2Fwp%2Fv2%2Fcategories&post=31865"},{"taxonomy":"post_tag","embeddable":true,"href":"https:\/\/revistazetta.com\/index.php?rest_route=%2Fwp%2Fv2%2Ftags&post=31865"}],"curies":[{"name":"wp","href":"https:\/\/api.w.org\/{rel}","templated":true}]}}