{"id":31868,"date":"2019-08-31T04:53:52","date_gmt":"2019-08-31T09:53:52","guid":{"rendered":"http:\/\/www.revistazetta.com\/?p=31868"},"modified":"2019-08-31T04:53:52","modified_gmt":"2019-08-31T09:53:52","slug":"instalaran-aireadores-laguito-oxigenar-ecosistema","status":"publish","type":"post","link":"https:\/\/revistazetta.com\/?p=31868","title":{"rendered":"Instalar\u00e1n aireadores en El Laguito para oxigenar ecosistema"},"content":{"rendered":"<p>MinAmbiente, Alcalde y autoridades ambientales inspeccionan zona de mortandad de peces<\/p>\n<p>Cartagena de Indias, D. T. y C., 30 de agosto de 2019. Para facilitar la oxigenaci\u00f3n del cuerpo de agua de El Laguito, el gobierno local, las autoridades ambientales y el ministro de Ambiente y Desarrollo Sostenible, Ricardo Lozano, tomaron la decisi\u00f3n de instalar aireadores que estar\u00e1n el tiempo que sea necesario hasta que se adopten otras medidas.<br \/>\nDe la misma manera, se har\u00e1 la conectividad del lago con el agua marina y as\u00ed ayudar a recuperar el ox\u00edgeno del ecosistema.<br \/>\n\u201cNuestra preocupaci\u00f3n m\u00e1s grande ha sido el impacto en El Laguito, y en el d\u00eda de hoy expedimos un acto administrativo preventivo de soluci\u00f3n inmediata, a corto, mediano y largo alcance. Lo m\u00e1s importante es que encontramos una soluci\u00f3n, somos consciente y estamos muy preocupados por lo que pasa en El Laguito, y por supuesto hacemos presencia con la coordinaci\u00f3n y apoyo del Alcalde de Cartagena\u201d, precis\u00f3 el Ministro al t\u00e9rmino de la inspecci\u00f3n.<br \/>\nEl alcalde, Pedrito Pereira Caballero, precis\u00f3 que la resoluci\u00f3n que expidi\u00f3 el Ministerio va a permitir avanzar en la soluci\u00f3n para atender la emergencia ambiental. \u201cAgradezco la presencia del Ministro de Ambiente. Desde el primer incidente la Alcald\u00eda siempre ha estado presente en la contingencia con el Epa, Oficina de Riesgo y Cardique, y esta semana, con autoridades ambientales como Invemar, CIOH, nos reunimos con la comunidad, y se acord\u00f3 esperar los resultados de unos estudios, que esperamos est\u00e9n listos a comienzos de la pr\u00f3xima semana\u201d, asegur\u00f3 el Alcalde.<br \/>\nEl director de Cardique, \u00c1ngelo Bacci, explic\u00f3 que los equipos que se instalar\u00e1n generan una rotaci\u00f3n del agua y oxigenan este recurso natural y permanecer\u00e1 hasta que se establezca otra medida que se adopte una vez se den a conocer los resultados de los estudios de laboratorio que hacen Invemar, CIOH y Cardique que marcar\u00e1n la hoja de ruta para una soluci\u00f3n definitiva.<br \/>\nPara garantizar que los equipos trabajen de manera permanente en la ventilaci\u00f3n del cuerpo de agua, la empresa de energ\u00eda se comprometi\u00f3 en un brindar un servicio permanente.<br \/>\nComunicado 570<\/p>\n","protected":false},"excerpt":{"rendered":"<p>MinAmbiente, Alcalde y autoridades ambientales inspeccionan zona de mortandad de peces Cartagena de Indias, D. T. y C., 30 de agosto de 2019. Para facilitar la oxigenaci\u00f3n del cuerpo de agua de El Laguito, el gobierno local, las autoridades ambientales y el ministro de Ambiente y Desarrollo Sostenible, Ricardo Lozano, tomaron la decisi\u00f3n de instalar aireadores que estar\u00e1n el tiempo que sea necesario hasta que se adopten otras medidas. De la misma manera, se har\u00e1 la conectividad del lago con el agua marina y as\u00ed ayudar a recuperar el ox\u00edgeno&#8230; <\/p>\n","protected":false},"author":3,"featured_media":31869,"comment_status":"open","ping_status":"closed","sticky":false,"template":"","format":"standard","meta":{"footnotes":"","_links_to":"","_links_to_target":""},"categories":[75,32],"tags":[],"class_list":["post-31868","post","type-post","status-publish","format-standard","has-post-thumbnail","hentry","category-destacada","category-actualidad-distrito"],"_links":{"self":[{"href":"https:\/\/revistazetta.com\/index.php?rest_route=\/wp\/v2\/posts\/31868","targetHints":{"allow":["GET"]}}],"collection":[{"href":"https:\/\/revistazetta.com\/index.php?rest_route=\/wp\/v2\/posts"}],"about":[{"href":"https:\/\/revistazetta.com\/index.php?rest_route=\/wp\/v2\/types\/post"}],"author":[{"embeddable":true,"href":"https:\/\/revistazetta.com\/index.php?rest_route=\/wp\/v2\/users\/3"}],"replies":[{"embeddable":true,"href":"https:\/\/revistazetta.com\/index.php?rest_route=%2Fwp%2Fv2%2Fcomments&post=31868"}],"version-history":[{"count":0,"href":"https:\/\/revistazetta.com\/index.php?rest_route=\/wp\/v2\/posts\/31868\/revisions"}],"wp:featuredmedia":[{"embeddable":true,"href":"https:\/\/revistazetta.com\/index.php?rest_route=\/wp\/v2\/media\/31869"}],"wp:attachment":[{"href":"https:\/\/revistazetta.com\/index.php?rest_route=%2Fwp%2Fv2%2Fmedia&parent=31868"}],"wp:term":[{"taxonomy":"category","embeddable":true,"href":"https:\/\/revistazetta.com\/index.php?rest_route=%2Fwp%2Fv2%2Fcategories&post=31868"},{"taxonomy":"post_tag","embeddable":true,"href":"https:\/\/revistazetta.com\/index.php?rest_route=%2Fwp%2Fv2%2Ftags&post=31868"}],"curies":[{"name":"wp","href":"https:\/\/api.w.org\/{rel}","templated":true}]}}