{"id":31873,"date":"2019-08-31T05:17:06","date_gmt":"2019-08-31T10:17:06","guid":{"rendered":"http:\/\/www.revistazetta.com\/?p=31873"},"modified":"2019-08-31T05:17:06","modified_gmt":"2019-08-31T10:17:06","slug":"los-getsemanicenses-volveran-sentirse-casa-yolanda-wong","status":"publish","type":"post","link":"https:\/\/revistazetta.com\/?p=31873","title":{"rendered":"\u00abLos getsemanicenses volver\u00e1n a sentirse en su casa\u00bb: Yolanda Wong"},"content":{"rendered":"<blockquote><p><strong>\u00abQueremos conservar Getseman\u00ed para los getsemanicenses, por eso los raizales ser\u00e1n exonerados de los altos impuestos\u00bb, asegur\u00f3 Yolanda Wong.<\/strong><\/p><\/blockquote>\n<p>La candidata a la Alcald\u00eda de Cartagena, Yolanda Wong Baldiris, sostuvo un di\u00e1logo con los l\u00edderes del tradicional barrio de Gerseman\u00ed, a quienes les confirm\u00f3 su compromiso por seguir trabajando por ellos como comunidad raizal de este barrio, ubicado en pleno centro hist\u00f3rico de la ciudad.<\/p>\n<p>\u00abDesde la Secretar\u00eda del Interior conocimos de cerca los problemas que enfrenta Getseman\u00ed y continuaremos trabajando para recuperar su tranquilidad y empoderar a sus raizales\u00bb, asegur\u00f3 la candidata.<\/p>\n<p>Wong Baldiris afirm\u00f3 que su compromiso con Gerseman\u00ed siempre ha sido el ordenamiento y la seguridad. \u00abQue los raizales permanezcan en el barrio y se recupere el orden total de la plaza de la trinidad\u00bb, dijo la candidata.<\/p>\n<p>Yolanda expres\u00f3 que debido a la gran cantidad de turistas que llegan a diario al sector se hace necesario la instalaci\u00f3n de ba\u00f1os p\u00fablicos y el desarrollo de campa\u00f1as de cultura ciudadana.<\/p>\n<p>\u00abDebemos trabajar por y para los getsemanicenses, para que puedan permanecer en su barrio, por lo cual exoneraremos a los raizales de los altos impuestos, pues muchos de ellos se han visto en la necesidad de vendee sus casas y trasladarse debido a los altos impuestos que deben pagar\u00bb, puntaliz\u00f3 Yolanda Wong.<\/p>\n<p>Trabajar con las comunidades es la principal consigna de la candidata a la Alcald\u00eda, quien est\u00e1 convencida que junto a ellas conforma #LaFuerzadeCartagena.<\/p>\n","protected":false},"excerpt":{"rendered":"<p>\u00abQueremos conservar Getseman\u00ed para los getsemanicenses, por eso los raizales ser\u00e1n exonerados de los altos impuestos\u00bb, asegur\u00f3 Yolanda Wong. La candidata a la Alcald\u00eda de Cartagena, Yolanda Wong Baldiris, sostuvo un di\u00e1logo con los l\u00edderes del tradicional barrio de Gerseman\u00ed, a quienes les confirm\u00f3 su compromiso por seguir trabajando por ellos como comunidad raizal de este barrio, ubicado en pleno centro hist\u00f3rico de la ciudad. \u00abDesde la Secretar\u00eda del Interior conocimos de cerca los problemas que enfrenta Getseman\u00ed y continuaremos trabajando para recuperar su tranquilidad y empoderar a sus raizales\u00bb,&#8230; <\/p>\n","protected":false},"author":3,"featured_media":31874,"comment_status":"open","ping_status":"closed","sticky":false,"template":"","format":"standard","meta":{"footnotes":"","_links_to":"","_links_to_target":""},"categories":[75,4],"tags":[],"class_list":["post-31873","post","type-post","status-publish","format-standard","has-post-thumbnail","hentry","category-destacada","category-politica"],"_links":{"self":[{"href":"https:\/\/revistazetta.com\/index.php?rest_route=\/wp\/v2\/posts\/31873","targetHints":{"allow":["GET"]}}],"collection":[{"href":"https:\/\/revistazetta.com\/index.php?rest_route=\/wp\/v2\/posts"}],"about":[{"href":"https:\/\/revistazetta.com\/index.php?rest_route=\/wp\/v2\/types\/post"}],"author":[{"embeddable":true,"href":"https:\/\/revistazetta.com\/index.php?rest_route=\/wp\/v2\/users\/3"}],"replies":[{"embeddable":true,"href":"https:\/\/revistazetta.com\/index.php?rest_route=%2Fwp%2Fv2%2Fcomments&post=31873"}],"version-history":[{"count":0,"href":"https:\/\/revistazetta.com\/index.php?rest_route=\/wp\/v2\/posts\/31873\/revisions"}],"wp:featuredmedia":[{"embeddable":true,"href":"https:\/\/revistazetta.com\/index.php?rest_route=\/wp\/v2\/media\/31874"}],"wp:attachment":[{"href":"https:\/\/revistazetta.com\/index.php?rest_route=%2Fwp%2Fv2%2Fmedia&parent=31873"}],"wp:term":[{"taxonomy":"category","embeddable":true,"href":"https:\/\/revistazetta.com\/index.php?rest_route=%2Fwp%2Fv2%2Fcategories&post=31873"},{"taxonomy":"post_tag","embeddable":true,"href":"https:\/\/revistazetta.com\/index.php?rest_route=%2Fwp%2Fv2%2Ftags&post=31873"}],"curies":[{"name":"wp","href":"https:\/\/api.w.org\/{rel}","templated":true}]}}