{"id":31875,"date":"2019-08-31T05:28:12","date_gmt":"2019-08-31T10:28:12","guid":{"rendered":"http:\/\/www.revistazetta.com\/?p=31875"},"modified":"2019-08-31T05:28:12","modified_gmt":"2019-08-31T10:28:12","slug":"quiero-generar-empleo-traer-mas-empresas-cartagena-fernando-araujo","status":"publish","type":"post","link":"https:\/\/revistazetta.com\/?p=31875","title":{"rendered":"\u00abQuiero generar empleo y traer m\u00e1s empresas a Cartagena\u00bb: Fernando Ara\u00fajo"},"content":{"rendered":"<p>Ediles y l\u00edderes de barrios como San Jos\u00e9 de Los Campanos, Olaya Herrera, Villa Hermosa y La Mar\u00eda, se reunieron con el aspirante a la Alcald\u00eda, Fernando Ara\u00fajo en La Campi\u00f1a, en la Calle 21, con el fin de conocer m\u00e1s a fondo las propuestas del candidato y expresarle su apoyo.<\/p>\n<p>Durante el encuentro, Ara\u00fajo tuvo la oportunidad de referirse a las problem\u00e1ticas que afectan la ciudad, tales como el desempleo y la pobreza y plantear las soluciones que se realizar\u00e1n de llegar \u00e9l al Palacio de La Aduana.<\/p>\n<p>\u00abQuiero generar muchos empleos en Cartagena, porque es una de las cosas que m\u00e1s se necesitan, tenemos que crear y traer m\u00e1s empresas a la ciudad para que se acabe esta problem\u00e1tica\u00bb, asegur\u00f3 Fernando Ara\u00fajo.<\/p>\n<p>La falta de escenarios deportivos, pavimentaci\u00f3n de v\u00edas y construcci\u00f3n de viviendas tambi\u00e9n fueron expuestas por los asistentes a la reuni\u00f3n que se realiz\u00f3 la noche de hoy.<\/p>\n<p>\u00abTenemos que construir viviendas, parques, acueductos, por eso quiero ser Alcalde, para solucionar todas esas fallas que hoy tenemos en Cartagena\u00bb, expres\u00f3 el candidato.<\/p>\n<p>En la reuni\u00f3n los asistentes manifestaron adem\u00e1s las preocupaciones existentes en materia de seguridad y educaci\u00f3n.<\/p>\n<p>&nbsp;<\/p>\n","protected":false},"excerpt":{"rendered":"<p>Ediles y l\u00edderes de barrios como San Jos\u00e9 de Los Campanos, Olaya Herrera, Villa Hermosa y La Mar\u00eda, se reunieron con el aspirante a la Alcald\u00eda, Fernando Ara\u00fajo en La Campi\u00f1a, en la Calle 21, con el fin de conocer m\u00e1s a fondo las propuestas del candidato y expresarle su apoyo. Durante el encuentro, Ara\u00fajo tuvo la oportunidad de referirse a las problem\u00e1ticas que afectan la ciudad, tales como el desempleo y la pobreza y plantear las soluciones que se realizar\u00e1n de llegar \u00e9l al Palacio de La Aduana. \u00abQuiero&#8230; <\/p>\n","protected":false},"author":3,"featured_media":31876,"comment_status":"open","ping_status":"closed","sticky":false,"template":"","format":"standard","meta":{"footnotes":"","_links_to":"","_links_to_target":""},"categories":[75,4],"tags":[],"class_list":["post-31875","post","type-post","status-publish","format-standard","has-post-thumbnail","hentry","category-destacada","category-politica"],"_links":{"self":[{"href":"https:\/\/revistazetta.com\/index.php?rest_route=\/wp\/v2\/posts\/31875","targetHints":{"allow":["GET"]}}],"collection":[{"href":"https:\/\/revistazetta.com\/index.php?rest_route=\/wp\/v2\/posts"}],"about":[{"href":"https:\/\/revistazetta.com\/index.php?rest_route=\/wp\/v2\/types\/post"}],"author":[{"embeddable":true,"href":"https:\/\/revistazetta.com\/index.php?rest_route=\/wp\/v2\/users\/3"}],"replies":[{"embeddable":true,"href":"https:\/\/revistazetta.com\/index.php?rest_route=%2Fwp%2Fv2%2Fcomments&post=31875"}],"version-history":[{"count":0,"href":"https:\/\/revistazetta.com\/index.php?rest_route=\/wp\/v2\/posts\/31875\/revisions"}],"wp:featuredmedia":[{"embeddable":true,"href":"https:\/\/revistazetta.com\/index.php?rest_route=\/wp\/v2\/media\/31876"}],"wp:attachment":[{"href":"https:\/\/revistazetta.com\/index.php?rest_route=%2Fwp%2Fv2%2Fmedia&parent=31875"}],"wp:term":[{"taxonomy":"category","embeddable":true,"href":"https:\/\/revistazetta.com\/index.php?rest_route=%2Fwp%2Fv2%2Fcategories&post=31875"},{"taxonomy":"post_tag","embeddable":true,"href":"https:\/\/revistazetta.com\/index.php?rest_route=%2Fwp%2Fv2%2Ftags&post=31875"}],"curies":[{"name":"wp","href":"https:\/\/api.w.org\/{rel}","templated":true}]}}