{"id":31886,"date":"2019-08-31T07:54:31","date_gmt":"2019-08-31T12:54:31","guid":{"rendered":"http:\/\/www.revistazetta.com\/?p=31886"},"modified":"2019-08-31T07:54:31","modified_gmt":"2019-08-31T12:54:31","slug":"nabil-garantiza-la-transparencia-cartagena-necesita-senador-jorge-robledo","status":"publish","type":"post","link":"https:\/\/revistazetta.com\/?p=31886","title":{"rendered":"Nabil garantiza la transparencia que Cartagena necesita: senador Jorge Robledo"},"content":{"rendered":"<p>El senador Jorge Enrique Robledo, cabeza visible del partido Polo Democr\u00e1tico Alternativo, estuvo en Cartagena para reafirmar el respaldo a Nabil B\u00e1ladi como candidato a la Alcald\u00eda, y destac\u00f3 que \u00abes el Alcalde que Cartagena necesita para iniciar el proceso de erradicar la corrupci\u00f3n en la capital de Bol\u00edvar y permitir que se resuelvan los graves problemas que padece la ciudad Heroica\u00bb<\/p>\n<p>B\u00e1ladi agradeci\u00f3 sus palabras y dijo que busca una alianza con los dem\u00e1s candidatos alternativos a la Alcald\u00eda para \u00abarrebatarle el poder a los politiqueros y devolv\u00e9rselos a la gente\u00bb. Sostuvo que lo m\u00e1s importante en su Programa de Gobierno es el Ciudadano, por ello priorizar\u00e1 en la educaci\u00f3n, para que todos puedan salir adelante en un territorio organizado, para que Cartagena tenga un ambiente sano y se reduzca la pobreza.<\/p>\n<p>Para el senador Robledo, el Candidato a la Alcald\u00eda avalado por el Polo Democr\u00e1tico y MAIS representa\u00a0la diferencia al ser un empresario transparente, con amor profundo a su ciudad y que durante su vida ha demostrado cero corrupci\u00f3n en inversi\u00f3n social en Cartagena.<\/p>\n<p>El pronunciamiento de Robledo se registr\u00f3 en una reuni\u00f3n en la que tambi\u00e9n participaron el candidato a la Gobernaci\u00f3n por el Polo y el Partido Alianza Verde Horacio Correa y candidatos de la Coalici\u00f3n Alternativa Cartagena y Alternativa Bol\u00edvar a la JAL, Concejo y Asamblea.<\/p>\n<p>&nbsp;<\/p>\n","protected":false},"excerpt":{"rendered":"<p>El senador Jorge Enrique Robledo, cabeza visible del partido Polo Democr\u00e1tico Alternativo, estuvo en Cartagena para reafirmar el respaldo a Nabil B\u00e1ladi como candidato a la Alcald\u00eda, y destac\u00f3 que \u00abes el Alcalde que Cartagena necesita para iniciar el proceso de erradicar la corrupci\u00f3n en la capital de Bol\u00edvar y permitir que se resuelvan los graves problemas que padece la ciudad Heroica\u00bb B\u00e1ladi agradeci\u00f3 sus palabras y dijo que busca una alianza con los dem\u00e1s candidatos alternativos a la Alcald\u00eda para \u00abarrebatarle el poder a los politiqueros y devolv\u00e9rselos a&#8230; <\/p>\n","protected":false},"author":3,"featured_media":31887,"comment_status":"open","ping_status":"closed","sticky":false,"template":"","format":"standard","meta":{"footnotes":"","_links_to":"","_links_to_target":""},"categories":[75,4],"tags":[],"class_list":["post-31886","post","type-post","status-publish","format-standard","has-post-thumbnail","hentry","category-destacada","category-politica"],"_links":{"self":[{"href":"https:\/\/revistazetta.com\/index.php?rest_route=\/wp\/v2\/posts\/31886","targetHints":{"allow":["GET"]}}],"collection":[{"href":"https:\/\/revistazetta.com\/index.php?rest_route=\/wp\/v2\/posts"}],"about":[{"href":"https:\/\/revistazetta.com\/index.php?rest_route=\/wp\/v2\/types\/post"}],"author":[{"embeddable":true,"href":"https:\/\/revistazetta.com\/index.php?rest_route=\/wp\/v2\/users\/3"}],"replies":[{"embeddable":true,"href":"https:\/\/revistazetta.com\/index.php?rest_route=%2Fwp%2Fv2%2Fcomments&post=31886"}],"version-history":[{"count":0,"href":"https:\/\/revistazetta.com\/index.php?rest_route=\/wp\/v2\/posts\/31886\/revisions"}],"wp:featuredmedia":[{"embeddable":true,"href":"https:\/\/revistazetta.com\/index.php?rest_route=\/wp\/v2\/media\/31887"}],"wp:attachment":[{"href":"https:\/\/revistazetta.com\/index.php?rest_route=%2Fwp%2Fv2%2Fmedia&parent=31886"}],"wp:term":[{"taxonomy":"category","embeddable":true,"href":"https:\/\/revistazetta.com\/index.php?rest_route=%2Fwp%2Fv2%2Fcategories&post=31886"},{"taxonomy":"post_tag","embeddable":true,"href":"https:\/\/revistazetta.com\/index.php?rest_route=%2Fwp%2Fv2%2Ftags&post=31886"}],"curies":[{"name":"wp","href":"https:\/\/api.w.org\/{rel}","templated":true}]}}