{"id":31942,"date":"2019-09-02T07:24:46","date_gmt":"2019-09-02T12:24:46","guid":{"rendered":"http:\/\/www.revistazetta.com\/?p=31942"},"modified":"2019-09-02T07:24:46","modified_gmt":"2019-09-02T12:24:46","slug":"bohemia-clausura-del-mes-del-adulto-mayor","status":"publish","type":"post","link":"https:\/\/revistazetta.com\/?p=31942","title":{"rendered":"Bohemia en clausura del mes del Adulto Mayor"},"content":{"rendered":"<p>Con la puesta en escena de la obra denominada \u201cSon de Barrio\u201d, comenz\u00f3 la programaci\u00f3n de clausura del mes del Adulto Mayor , evento que se llev\u00f3 a cabo en la Plaza de los Coches, y que cont\u00f3 con la presencia de m\u00e1s de 300 abuelitos de diferentes sectores de Cartagena que disfrutaron de una noche m\u00e1gica y bohemia.<br \/>\n\u201cEn sus rostros vemos reflejados a nuestros padres abuelos, gracias por ese amor que se nos ense\u00f1\u00f3 tanto en nuestra infancia, ustedes nos hacen recordar esa edad de oro tan hermosa, ese amor que nuestros padres y abuelos nos profesan, el cual nos ayud\u00f3 a formarnos y nos ayud\u00f3 a estar en este cargo. Felicit\u00f3 a mi esposa Eliana y a su equipo de trabajo por este lindo evento, en esta plaza emblem\u00e1tica que hoy se adorna con todos ustedes, desde la Alcald\u00eda tenemos las puertas abiertas y garantizamos la atenci\u00f3n institucional al Adulto Mayor\u201d, dijo el alcalde Pedrito Pereira, quien acompa\u00f1\u00f3 a la Gestora Social.<br \/>\nCon la cita b\u00edblica del libro de Lev\u00edtico, la gestora Social Eliana Bustillo les dio la bienvenida a los Adultos Mayores. \u201cDelante de las canas te pondr\u00e1s en pie; y honrar\u00e1s las canas del anciano\u201d, esto es lo que precisamente estamos haciendo con este evento honrarlos a ustedes\u201d, manifest\u00f3 la esposa del Alcalde.<br \/>\n\u201cMe llena de alegr\u00eda y satisfacci\u00f3n ver a los abuelos felices, ellos se merecen lo mejor, por eso nos esmeramos el celebrar con broche de oro el mes del Adulto Mayor, y hoy en su clausura pasamos una noche espectacular, bailamos, nos re\u00edmos y disfrutamos mucho este festejo\u201d, expres\u00f3 la Gestora Social.<br \/>\nElo\u00edna Castellano, una de las abuelitas que disfrut\u00f3 durante el evento dijo sentirse feliz con la Primera Dama, al tiempo que asegur\u00f3 que nunca una esposa del Alcalde les hab\u00eda echo una fiesta tan linda, los hab\u00eda tratado con tanto amor como lo hizo ella.<\/p>\n<p>Los abuelos adem\u00e1s de bailar degustaron una deliciosa cena de sabores caribe\u00f1os y recibieron un regalo como recordatorio por parte de la Gestora Social, Eliana Bustillo de Pereira.<\/p>\n<p>La noche de clausura cerr\u00f3 con la presentaci\u00f3n de la agrupaci\u00f3n Son Cubano, donde los Adultos Mayores demostraron que no importa la edad a la hora de mostrar sus dotes de bailarines.<br \/>\nComunicado 573<\/p>\n","protected":false},"excerpt":{"rendered":"<p>Con la puesta en escena de la obra denominada \u201cSon de Barrio\u201d, comenz\u00f3 la programaci\u00f3n de clausura del mes del Adulto Mayor , evento que se llev\u00f3 a cabo en la Plaza de los Coches, y que cont\u00f3 con la presencia de m\u00e1s de 300 abuelitos de diferentes sectores de Cartagena que disfrutaron de una noche m\u00e1gica y bohemia. \u201cEn sus rostros vemos reflejados a nuestros padres abuelos, gracias por ese amor que se nos ense\u00f1\u00f3 tanto en nuestra infancia, ustedes nos hacen recordar esa edad de oro tan hermosa,&#8230; <\/p>\n","protected":false},"author":3,"featured_media":31943,"comment_status":"open","ping_status":"closed","sticky":false,"template":"","format":"standard","meta":{"footnotes":"","_links_to":"","_links_to_target":""},"categories":[75,86,32],"tags":[],"class_list":["post-31942","post","type-post","status-publish","format-standard","has-post-thumbnail","hentry","category-destacada","category-comunidad","category-actualidad-distrito"],"_links":{"self":[{"href":"https:\/\/revistazetta.com\/index.php?rest_route=\/wp\/v2\/posts\/31942","targetHints":{"allow":["GET"]}}],"collection":[{"href":"https:\/\/revistazetta.com\/index.php?rest_route=\/wp\/v2\/posts"}],"about":[{"href":"https:\/\/revistazetta.com\/index.php?rest_route=\/wp\/v2\/types\/post"}],"author":[{"embeddable":true,"href":"https:\/\/revistazetta.com\/index.php?rest_route=\/wp\/v2\/users\/3"}],"replies":[{"embeddable":true,"href":"https:\/\/revistazetta.com\/index.php?rest_route=%2Fwp%2Fv2%2Fcomments&post=31942"}],"version-history":[{"count":0,"href":"https:\/\/revistazetta.com\/index.php?rest_route=\/wp\/v2\/posts\/31942\/revisions"}],"wp:featuredmedia":[{"embeddable":true,"href":"https:\/\/revistazetta.com\/index.php?rest_route=\/wp\/v2\/media\/31943"}],"wp:attachment":[{"href":"https:\/\/revistazetta.com\/index.php?rest_route=%2Fwp%2Fv2%2Fmedia&parent=31942"}],"wp:term":[{"taxonomy":"category","embeddable":true,"href":"https:\/\/revistazetta.com\/index.php?rest_route=%2Fwp%2Fv2%2Fcategories&post=31942"},{"taxonomy":"post_tag","embeddable":true,"href":"https:\/\/revistazetta.com\/index.php?rest_route=%2Fwp%2Fv2%2Ftags&post=31942"}],"curies":[{"name":"wp","href":"https:\/\/api.w.org\/{rel}","templated":true}]}}