{"id":31944,"date":"2019-09-02T07:32:30","date_gmt":"2019-09-02T12:32:30","guid":{"rendered":"http:\/\/www.revistazetta.com\/?p=31944"},"modified":"2019-09-02T07:32:30","modified_gmt":"2019-09-02T12:32:30","slug":"caminata-sergio-fajardo-claudia-fadul","status":"publish","type":"post","link":"https:\/\/revistazetta.com\/?p=31944","title":{"rendered":"Caminata de Sergio Fajardo con Claudia Fadul"},"content":{"rendered":"<p>Con el fin de tener m\u00e1s acercamiento con los cartageneros y fortalecer el movimiento Compromiso Ciudadano por Cartagena, la candidata a la Alcald\u00eda Claudia Fadul Rosa recorrer\u00e1 en compa\u00f1\u00eda de *Sergio Fajardo* las calles del centro de la ciudad.<\/p>\n<p>\u00abEsta marcha es con el fin de concientizar a Cartagena que s\u00ed podemos lograr el cambio que necesitamos, que conozcan\u00a0 mi hoja de vida y mi plan de Gobierno, donde no se prometen cosas irrealizables\u00bb Afirm\u00f3 la candidata.<\/p>\n<p>La caminata saldr\u00e1 a las 4:30 de la tarde del desde la Plaza de los Estudiantes, sigue hasta la calle San Agust\u00edn, Calle de la moneda, contin\u00faa hacia al parque de las flores y termina en el Centro Comercial Centro Uno.<\/p>\n","protected":false},"excerpt":{"rendered":"<p>Con el fin de tener m\u00e1s acercamiento con los cartageneros y fortalecer el movimiento Compromiso Ciudadano por Cartagena, la candidata a la Alcald\u00eda Claudia Fadul Rosa recorrer\u00e1 en compa\u00f1\u00eda de *Sergio Fajardo* las calles del centro de la ciudad. \u00abEsta marcha es con el fin de concientizar a Cartagena que s\u00ed podemos lograr el cambio que necesitamos, que conozcan\u00a0 mi hoja de vida y mi plan de Gobierno, donde no se prometen cosas irrealizables\u00bb Afirm\u00f3 la candidata. La caminata saldr\u00e1 a las 4:30 de la tarde del desde la Plaza&#8230; <\/p>\n","protected":false},"author":3,"featured_media":31945,"comment_status":"open","ping_status":"closed","sticky":false,"template":"","format":"standard","meta":{"footnotes":"","_links_to":"","_links_to_target":""},"categories":[4],"tags":[],"class_list":["post-31944","post","type-post","status-publish","format-standard","has-post-thumbnail","hentry","category-politica"],"_links":{"self":[{"href":"https:\/\/revistazetta.com\/index.php?rest_route=\/wp\/v2\/posts\/31944","targetHints":{"allow":["GET"]}}],"collection":[{"href":"https:\/\/revistazetta.com\/index.php?rest_route=\/wp\/v2\/posts"}],"about":[{"href":"https:\/\/revistazetta.com\/index.php?rest_route=\/wp\/v2\/types\/post"}],"author":[{"embeddable":true,"href":"https:\/\/revistazetta.com\/index.php?rest_route=\/wp\/v2\/users\/3"}],"replies":[{"embeddable":true,"href":"https:\/\/revistazetta.com\/index.php?rest_route=%2Fwp%2Fv2%2Fcomments&post=31944"}],"version-history":[{"count":0,"href":"https:\/\/revistazetta.com\/index.php?rest_route=\/wp\/v2\/posts\/31944\/revisions"}],"wp:featuredmedia":[{"embeddable":true,"href":"https:\/\/revistazetta.com\/index.php?rest_route=\/wp\/v2\/media\/31945"}],"wp:attachment":[{"href":"https:\/\/revistazetta.com\/index.php?rest_route=%2Fwp%2Fv2%2Fmedia&parent=31944"}],"wp:term":[{"taxonomy":"category","embeddable":true,"href":"https:\/\/revistazetta.com\/index.php?rest_route=%2Fwp%2Fv2%2Fcategories&post=31944"},{"taxonomy":"post_tag","embeddable":true,"href":"https:\/\/revistazetta.com\/index.php?rest_route=%2Fwp%2Fv2%2Ftags&post=31944"}],"curies":[{"name":"wp","href":"https:\/\/api.w.org\/{rel}","templated":true}]}}