{"id":31952,"date":"2019-09-02T19:56:32","date_gmt":"2019-09-03T00:56:32","guid":{"rendered":"http:\/\/www.revistazetta.com\/?p=31952"},"modified":"2019-09-02T19:56:32","modified_gmt":"2019-09-03T00:56:32","slug":"contralor-departamental-2020-44-admitidos-20-no-admitidos","status":"publish","type":"post","link":"https:\/\/revistazetta.com\/?p=31952","title":{"rendered":"Contralor Departamental 2020: hay 44 admitidos y 20 no admitidos"},"content":{"rendered":"<p>La Universidad Distrital de Bogot\u00e1 \u201cFrancisco Jos\u00e9 de Caldas\u201d comunic\u00f3 a la Asamblea Departamental la lista definitiva de 44 Admitidos y 20 No Admitidos en la convocatoria p\u00fablica y abierta de m\u00e9rito para la elecci\u00f3n de Contralor Departamental de Bol\u00edvar 2020-2023.<\/p>\n<p>Estos son los Admitidos:<\/p>\n<p>1 Pedro Luis Romero Figueroa<br \/>\n2 Karol Jos\u00e9 Ludy\u00e1n Garc\u00eda<\/p>\n<p>3 H\u00e9ctor Rodolfo Consuegra Salinas<\/p>\n<p>4 Hern\u00e1n Dar\u00edo Nichols Garc\u00eda<\/p>\n<p>5 Crist\u00f3bal Enrique Monterrosa Mosquera<br \/>\n6 Vladimir Alejandro Caballero de Le\u00f3n<\/p>\n<p>7 Viviana del Carmen Malo Lecompte<\/p>\n<p>8 Kevin Andr\u00e9s D\u00edaz Lecompte<\/p>\n<p>9 Aisor de Jes\u00fas Arana Delgadillo<\/p>\n<p>10 Juan Carlos Patr\u00f3n Goenaga<\/p>\n<p>11 Javier Manuel Doria Arrieta<br \/>\n12 Rafael Enrique Montes Costa<\/p>\n<p>13 Mar\u00eda de los \u00c1ngeles Quintana V\u00e1squez<br \/>\n14 Jes\u00fas Joaqu\u00edn Caballero Garc\u00eda<br \/>\n15 Erika Patricia L\u00f3pez Salom\u00e9<br \/>\n16 Daniel Julio Moreno<\/p>\n<p>17 Eduardo Sanjur Mart\u00ednez<\/p>\n<p>18 Clemente Luis Polo Paz<\/p>\n<p>19 Manuel David Valeth Cantillo<\/p>\n<p>20 \u00c1lvaro Jes\u00fas G\u00f3mez Poveda<br \/>\n21 Leonardo Sierra Redondo<\/p>\n<p>22 Miguel Felipe Garc\u00eda Casta\u00f1o<\/p>\n<p>23 Jessica Paola Fuentes Meneses<br \/>\n24 Juan Pablo Rivera Martelo<br \/>\n25 Ana Patricia L\u00f3pez R\u00edos<br \/>\n26 Luis Alfredo Carballo Guti\u00e9rrez<\/p>\n<p>27 Manuel Antonio Azuero Angulo<\/p>\n<p>28 Jorge Gonz\u00e1lez P\u00e9rez<\/p>\n<p>29 Juan Pablo V\u00e1squez Castellar<\/p>\n<p>30 Iv\u00e1n de Jes\u00fas Sierra Porto<br \/>\n31 Ingris Paola Salas Arrieta<br \/>\n32 Esmeralda Prada Naranjo<br \/>\n33 Johana Paola Gonz\u00e1lez Fern\u00e1ndez<\/p>\n<p>34 Oscar Eduardo Rojas Rinc\u00f3n<br \/>\n35 Fabi\u00e1n Javier Ochoa S\u00e1nchez<br \/>\n36 Juan Rachif Cabarcas Rahman<br \/>\n37 Aroldo Coneo C\u00e1rdenas<\/p>\n<p>38 Hugo Enrique Salad\u00e9n S\u00e1nchez<br \/>\n39 Carolina Cecilia Berr\u00edo Pinedo<br \/>\n40 Liduvina Poveda Villafa\u00f1e<\/p>\n<p>41 Maikol Domingo P\u00e9rez Canabal<\/p>\n<p>42 Ra\u00fal Fernando Guerrero Durango<\/p>\n<p>43 Camilo Eduardo Torres Ardila<\/p>\n<p>44 Milton Franklin Acosta N\u00fa\u00f1ez<\/p>\n","protected":false},"excerpt":{"rendered":"<p>La Universidad Distrital de Bogot\u00e1 \u201cFrancisco Jos\u00e9 de Caldas\u201d comunic\u00f3 a la Asamblea Departamental la lista definitiva de 44 Admitidos y 20 No Admitidos en la convocatoria p\u00fablica y abierta de m\u00e9rito para la elecci\u00f3n de Contralor Departamental de Bol\u00edvar 2020-2023. Estos son los Admitidos: 1 Pedro Luis Romero Figueroa 2 Karol Jos\u00e9 Ludy\u00e1n Garc\u00eda 3 H\u00e9ctor Rodolfo Consuegra Salinas 4 Hern\u00e1n Dar\u00edo Nichols Garc\u00eda 5 Crist\u00f3bal Enrique Monterrosa Mosquera 6 Vladimir Alejandro Caballero de Le\u00f3n 7 Viviana del Carmen Malo Lecompte 8 Kevin Andr\u00e9s D\u00edaz Lecompte 9 Aisor de&#8230; <\/p>\n","protected":false},"author":3,"featured_media":31953,"comment_status":"open","ping_status":"closed","sticky":false,"template":"","format":"standard","meta":{"footnotes":"","_links_to":"","_links_to_target":""},"categories":[75,28,4],"tags":[],"class_list":["post-31952","post","type-post","status-publish","format-standard","has-post-thumbnail","hentry","category-destacada","category-politica-asamblea","category-politica"],"_links":{"self":[{"href":"https:\/\/revistazetta.com\/index.php?rest_route=\/wp\/v2\/posts\/31952","targetHints":{"allow":["GET"]}}],"collection":[{"href":"https:\/\/revistazetta.com\/index.php?rest_route=\/wp\/v2\/posts"}],"about":[{"href":"https:\/\/revistazetta.com\/index.php?rest_route=\/wp\/v2\/types\/post"}],"author":[{"embeddable":true,"href":"https:\/\/revistazetta.com\/index.php?rest_route=\/wp\/v2\/users\/3"}],"replies":[{"embeddable":true,"href":"https:\/\/revistazetta.com\/index.php?rest_route=%2Fwp%2Fv2%2Fcomments&post=31952"}],"version-history":[{"count":0,"href":"https:\/\/revistazetta.com\/index.php?rest_route=\/wp\/v2\/posts\/31952\/revisions"}],"wp:featuredmedia":[{"embeddable":true,"href":"https:\/\/revistazetta.com\/index.php?rest_route=\/wp\/v2\/media\/31953"}],"wp:attachment":[{"href":"https:\/\/revistazetta.com\/index.php?rest_route=%2Fwp%2Fv2%2Fmedia&parent=31952"}],"wp:term":[{"taxonomy":"category","embeddable":true,"href":"https:\/\/revistazetta.com\/index.php?rest_route=%2Fwp%2Fv2%2Fcategories&post=31952"},{"taxonomy":"post_tag","embeddable":true,"href":"https:\/\/revistazetta.com\/index.php?rest_route=%2Fwp%2Fv2%2Ftags&post=31952"}],"curies":[{"name":"wp","href":"https:\/\/api.w.org\/{rel}","templated":true}]}}