{"id":31954,"date":"2019-09-03T06:31:50","date_gmt":"2019-09-03T11:31:50","guid":{"rendered":"http:\/\/www.revistazetta.com\/?p=31954"},"modified":"2019-09-03T06:31:50","modified_gmt":"2019-09-03T11:31:50","slug":"congestion-proyectos-extras-del-concejo","status":"publish","type":"post","link":"https:\/\/revistazetta.com\/?p=31954","title":{"rendered":"Congesti\u00f3n de proyectos en extras del Concejo"},"content":{"rendered":"<p>El secretario del Interior, Jos\u00e9 Carlos Puello, designado por el Alcalde, instal\u00f3 el segundo periodo de sesiones extraordinarias del Concejo.<\/p>\n<p>\u00abDeseo que las sesiones extraordinarias, que hoy se inician, transcurran con la mayor disposici\u00f3n de privilegiar los intereses de la ciudad y de sus habitantes\u00bb, indic\u00f3 Puello Rubio.<\/p>\n<p>El Secretario del Interior destac\u00f3 que los proyectos presentados por el ejecutivo involucran asuntos de vital importancia para el presente y futuro de la ciudad. \u201cSe hace necesario que la Administraci\u00f3n Distrital, de manera mancomunada con el Concejo, las fuerzas productivas y la comunidad, mantengamos un ritmo acelerado y constante en el cumplimiento de nuestros compromisos misionales y nuestros respectivos aportes a ese prop\u00f3sito colectivo\u201d, se\u00f1alo el funcionario.<\/p>\n<p>Puello mencion\u00f3 que el alcalde, Pedrito Pereira, convoc\u00f3 este nuevo periodo de sesiones ante la necesidad de brindar un impulso adicional a una serie de nuevas e importantes iniciativas y otras que, a pesar de haber surtido debates iniciales, no alcanzaron a ser aprobadas por esta corporaci\u00f3n.<\/p>\n<p>Entre los proyectos destacados est\u00e1 \u00a0el cierre financiero del megaproyecto del Canal del Dique y el consecuente aporte que corresponde. \u201cSiendo necesaria la destinaci\u00f3n de un porcentaje de la renta de contraprestaci\u00f3n portuaria del Distrito\u201d, explic\u00f3.<\/p>\n<p>Otra de las decisiones a tomar en estas sesiones extraordinarias permitir\u00e1 resolver las dificultades acumuladas que se presentan en el Sistema de Transporte Masivo, Transcaribe. \u201cPara lo cual se hace necesario realizar operaciones de cr\u00e9dito p\u00fablico, que permitan continuar con la necesaria chatarrizaci\u00f3n\u201d, mencion\u00f3 el funcionario.<\/p>\n<p>Tambi\u00e9n queda la resoluci\u00f3n de un tema tan importante de implicaciones \u00e9tnicas y sociales como es la compra del terreno para la reubicaci\u00f3n de las familias del Cabildo Ind\u00edgena Zen\u00fa, en Membrillal. \u201cTema sobre el cual venimos trabajando articuladamente con la Gobernaci\u00f3n de Bol\u00edvar y la empresa privada\u201d, enfatiz\u00f3.<\/p>\n<p>En materia financiera, se requiere renegociar la deuda p\u00fablica del Distrito, para lo cual se est\u00e1 solicitando la autorizaci\u00f3n de las facultades correspondientes.<\/p>\n<p>En este paquete se incluyen iniciativas orientadas a la\u00a0generaci\u00f3n de necesarios incentivos tributarios; la modificaci\u00f3n parcial del acuerdo que establece el sistema de seguridad salvamento y rescate n\u00e1utico del Distrito; la modificaci\u00f3n del acuerdo que cre\u00f3 el Fondo de Bienestar de la Contralor\u00eda Distrital; y el proyecto de acuerdo por medio del cual se crea el \u201cObservatorio de la Familia\u201d en nuestro territorio.<\/p>\n<p>As\u00ed mismo, en este periodo de sesiones extraordinarias se retomar\u00e1n importantes proyectos, varios de ellos de iniciativa de los concejales, que ya recibieron primer debate y que est\u00e1n relacionados con temas como: la urgente adopci\u00f3n del Plan Maestro de Educaci\u00f3n; la creaci\u00f3n de la Casa Museo Alejandro Obreg\u00f3n; y la creaci\u00f3n de la Pol\u00edtica P\u00fablica\u00a0 para la igualdad de g\u00e9nero de Mujeres en el \u00e1rea urbana, corregimientos y territorio insular del Distrito.<\/p>\n","protected":false},"excerpt":{"rendered":"<p>El secretario del Interior, Jos\u00e9 Carlos Puello, designado por el Alcalde, instal\u00f3 el segundo periodo de sesiones extraordinarias del Concejo. \u00abDeseo que las sesiones extraordinarias, que hoy se inician, transcurran con la mayor disposici\u00f3n de privilegiar los intereses de la ciudad y de sus habitantes\u00bb, indic\u00f3 Puello Rubio. El Secretario del Interior destac\u00f3 que los proyectos presentados por el ejecutivo involucran asuntos de vital importancia para el presente y futuro de la ciudad. \u201cSe hace necesario que la Administraci\u00f3n Distrital, de manera mancomunada con el Concejo, las fuerzas productivas y&#8230; <\/p>\n","protected":false},"author":3,"featured_media":31955,"comment_status":"open","ping_status":"closed","sticky":false,"template":"","format":"standard","meta":{"footnotes":"","_links_to":"","_links_to_target":""},"categories":[75,27,4],"tags":[],"class_list":["post-31954","post","type-post","status-publish","format-standard","has-post-thumbnail","hentry","category-destacada","category-politicaconcejo","category-politica"],"_links":{"self":[{"href":"https:\/\/revistazetta.com\/index.php?rest_route=\/wp\/v2\/posts\/31954","targetHints":{"allow":["GET"]}}],"collection":[{"href":"https:\/\/revistazetta.com\/index.php?rest_route=\/wp\/v2\/posts"}],"about":[{"href":"https:\/\/revistazetta.com\/index.php?rest_route=\/wp\/v2\/types\/post"}],"author":[{"embeddable":true,"href":"https:\/\/revistazetta.com\/index.php?rest_route=\/wp\/v2\/users\/3"}],"replies":[{"embeddable":true,"href":"https:\/\/revistazetta.com\/index.php?rest_route=%2Fwp%2Fv2%2Fcomments&post=31954"}],"version-history":[{"count":0,"href":"https:\/\/revistazetta.com\/index.php?rest_route=\/wp\/v2\/posts\/31954\/revisions"}],"wp:featuredmedia":[{"embeddable":true,"href":"https:\/\/revistazetta.com\/index.php?rest_route=\/wp\/v2\/media\/31955"}],"wp:attachment":[{"href":"https:\/\/revistazetta.com\/index.php?rest_route=%2Fwp%2Fv2%2Fmedia&parent=31954"}],"wp:term":[{"taxonomy":"category","embeddable":true,"href":"https:\/\/revistazetta.com\/index.php?rest_route=%2Fwp%2Fv2%2Fcategories&post=31954"},{"taxonomy":"post_tag","embeddable":true,"href":"https:\/\/revistazetta.com\/index.php?rest_route=%2Fwp%2Fv2%2Ftags&post=31954"}],"curies":[{"name":"wp","href":"https:\/\/api.w.org\/{rel}","templated":true}]}}