{"id":31956,"date":"2019-09-03T08:03:55","date_gmt":"2019-09-03T13:03:55","guid":{"rendered":"http:\/\/www.revistazetta.com\/?p=31956"},"modified":"2019-09-03T08:03:55","modified_gmt":"2019-09-03T13:03:55","slug":"extras-tension-concejales-alcalde","status":"publish","type":"post","link":"https:\/\/revistazetta.com\/?p=31956","title":{"rendered":"Extras bajo tensi\u00f3n entre Concejales y Alcalde"},"content":{"rendered":"<p>La instalaci\u00f3n de las sesiones extras en el Concejo de Cartagena entre el 2 al 22 de septiembre del a\u00f1o en curso, se convirti\u00f3 en una serie de reclamos y llamados de atenci\u00f3n al alcalde Pedrito Pereira Caballero, quien present\u00f3 10 iniciativas, cuyo estudio y aprobaci\u00f3n no tendr\u00e1 el tiempo suficiente.<\/p>\n<p>En el discurso de instalaci\u00f3n el presidente de la corporaci\u00f3n, Rafael Meza P\u00e9rez, manifest\u00f3 que el Concejo tiene el deber constitucional de estudiar todas las iniciativas que presente el ejecutivo y se aprobaran las que m\u00e1s convengan a la ciudad.<\/p>\n<p>Meza P\u00e9rez envi\u00f3 al alcalde Pedrito Pereira Caballero un mensaje record\u00e1ndole que los concejales son los coadministradores del Distrito. \u201cSomos la mesa directiva de la ciudad y el alcalde no nos tuvo en cuenta para la reinauguraci\u00f3n del mercado de Santa Rita, cuando aqu\u00ed en el Concejo fue que se autorizaron todas las iniciativas para la remodelaci\u00f3n y reapertura de ese mercado sectorial\u201d.<\/p>\n<p>El alcalde a trav\u00e9s de su delegado, Jos\u00e9 Carlos Puello, secretario del Interior dio a conocer los t\u00edtulos de las iniciativas, que presentar\u00e1 a los concejales para su estudio y aprobaci\u00f3n, como por ejemplo: Autorizaci\u00f3n para realizar operaciones financieras para el manejo de la deuda p\u00fablica. Autorizaci\u00f3n para la compra de un lote de terreno para el traslado del Cabildo Ind\u00edgena Sen\u00fa de Membrillal. Autorizaci\u00f3n para un empr\u00e9stito por $20 mil millones para Transcaribe y continuar el proceso de charratizaci\u00f3n. Autorizaci\u00f3n para crear el Fondo de Bienestar Social de la Contralor\u00eda, Autorizaci\u00f3n para modificar la Estructura Administrativa del Distrito; entre otros proyectos.<\/p>\n<p>C\u00e9sar Pi\u00f3n Gonz\u00e1lez, concejal de la bancada de la U, le record\u00f3 al alcalde que el Concejo es el que maneja el control pol\u00edtico y que las decisiones de ciudad est\u00e1n en manos del concejo. \u201cno nos pueden poner a trabajar a las carreras, porque los tiempos no dan en tan solo 20 d\u00edas de sesiones extras. Son 10 iniciativas que nos presentan y 6 que est\u00e1n en tr\u00e1nsito\u201d. Pi\u00f3n Gonz\u00e1lez tambi\u00e9n llam\u00f3 la atenci\u00f3n para que se habiliten las v\u00edas de la ciudad en la ampliaci\u00f3n de rutas de Transcaribe, pues se est\u00e1n pidiendo recursos para chatarrizar, lo que significa; sacar busetas, lo que puede conllevar aumentar el transporte informal.<\/p>\n<p>Carlos Barrios, concejal de la bancada de Cambio Radical, manifest\u00f3 su inconformidad contra la administraci\u00f3n por la falta de socializaci\u00f3n de las iniciativas presentadas, y asegur\u00f3 que lleva dos meses intentando hablar con el alcalde y este nunca ha tenido tiempo.<\/p>\n<p>Ang\u00e9lica Hodeg calific\u00f3 como una falta de respeto para con el Concejo, pedir celeridad para aprobar iniciativas, pero no se tiene en cuenta al Concejo para dar a conocer los avances de gobierno de las iniciativas aprobadas. \u201cEl alcalde solo saca tiempo para reunirse con los gremios y le huye a su mesa directiva\u201d.<\/p>\n<p>Oscar Mar\u00edn, de la bancada conservadora, expres\u00f3 que no existe una planificaci\u00f3n y que no entiende c\u00f3mo el alcalde, que fue concejal y representante a la C\u00e1mara, desconozca los tiempos de estudios de cada iniciativa.<\/p>\n<p>Ronald Fortich tambi\u00e9n se uni\u00f3 al descontento manifestando que los concejales tienen que brindarse, toda vez, que aprobar iniciativas a las carreras, los pueden inducir a cometer errores que lamentar.<\/p>\n<p>Javier Curi Osorio, concejal del Partido Liberal, manifest\u00f3 que ellos no est\u00e1n dispuestos a dar papaya, ni en jugo, y solicit\u00f3 al alcalde que le reclame al Gobierno Nacional por los recursos que tiene que aportar para la obra de Protecci\u00f3n Costera, el POT y el Censo Poblacional, que el Estado est\u00e1 en deuda con la ciudad.<\/p>\n<p>Am\u00e9rico Mendoza, concejal del ASI, record\u00f3 a la plenaria que a\u00fan no hay proyectos de acuerdo para estudiar y aprobar y que el alcalde debe ampliar los tiempos para poder estudiar todas las iniciativas. As\u00ed mismo, anunci\u00f3 un debate de control pol\u00edtico contra Transcaribe para que el gerente informe a esa corporaci\u00f3n cual es la verdadera realidad financiera de Transcaribe que amenaz\u00f3 con subir el pasaje a $600.<\/p>\n","protected":false},"excerpt":{"rendered":"<p>La instalaci\u00f3n de las sesiones extras en el Concejo de Cartagena entre el 2 al 22 de septiembre del a\u00f1o en curso, se convirti\u00f3 en una serie de reclamos y llamados de atenci\u00f3n al alcalde Pedrito Pereira Caballero, quien present\u00f3 10 iniciativas, cuyo estudio y aprobaci\u00f3n no tendr\u00e1 el tiempo suficiente. En el discurso de instalaci\u00f3n el presidente de la corporaci\u00f3n, Rafael Meza P\u00e9rez, manifest\u00f3 que el Concejo tiene el deber constitucional de estudiar todas las iniciativas que presente el ejecutivo y se aprobaran las que m\u00e1s convengan a la&#8230; <\/p>\n","protected":false},"author":3,"featured_media":31957,"comment_status":"open","ping_status":"closed","sticky":false,"template":"","format":"standard","meta":{"footnotes":"","_links_to":"","_links_to_target":""},"categories":[75,27,4],"tags":[],"class_list":["post-31956","post","type-post","status-publish","format-standard","has-post-thumbnail","hentry","category-destacada","category-politicaconcejo","category-politica"],"_links":{"self":[{"href":"https:\/\/revistazetta.com\/index.php?rest_route=\/wp\/v2\/posts\/31956","targetHints":{"allow":["GET"]}}],"collection":[{"href":"https:\/\/revistazetta.com\/index.php?rest_route=\/wp\/v2\/posts"}],"about":[{"href":"https:\/\/revistazetta.com\/index.php?rest_route=\/wp\/v2\/types\/post"}],"author":[{"embeddable":true,"href":"https:\/\/revistazetta.com\/index.php?rest_route=\/wp\/v2\/users\/3"}],"replies":[{"embeddable":true,"href":"https:\/\/revistazetta.com\/index.php?rest_route=%2Fwp%2Fv2%2Fcomments&post=31956"}],"version-history":[{"count":0,"href":"https:\/\/revistazetta.com\/index.php?rest_route=\/wp\/v2\/posts\/31956\/revisions"}],"wp:featuredmedia":[{"embeddable":true,"href":"https:\/\/revistazetta.com\/index.php?rest_route=\/wp\/v2\/media\/31957"}],"wp:attachment":[{"href":"https:\/\/revistazetta.com\/index.php?rest_route=%2Fwp%2Fv2%2Fmedia&parent=31956"}],"wp:term":[{"taxonomy":"category","embeddable":true,"href":"https:\/\/revistazetta.com\/index.php?rest_route=%2Fwp%2Fv2%2Fcategories&post=31956"},{"taxonomy":"post_tag","embeddable":true,"href":"https:\/\/revistazetta.com\/index.php?rest_route=%2Fwp%2Fv2%2Ftags&post=31956"}],"curies":[{"name":"wp","href":"https:\/\/api.w.org\/{rel}","templated":true}]}}