{"id":31963,"date":"2019-09-03T08:46:48","date_gmt":"2019-09-03T13:46:48","guid":{"rendered":"http:\/\/www.revistazetta.com\/?p=31963"},"modified":"2019-09-03T08:46:48","modified_gmt":"2019-09-03T13:46:48","slug":"yolanda-wong-24-7-barrio","status":"publish","type":"post","link":"https:\/\/revistazetta.com\/?p=31963","title":{"rendered":"Yolanda Wong 24\/7 con tu barrio"},"content":{"rendered":"<blockquote><p><strong>La candidata a la alcald\u00eda de Cartagena, Yolanda Wong Baldiris cumpli\u00f3 una agenda de 30 horas en el barrio El Poz\u00f3n.<\/strong><\/p><\/blockquote>\n<p>Yolanda Wong ratific\u00f3 que su compromiso y gran alianza es con las comunidades y por eso lleg\u00f3 el domingo en la tarde a cumplir la invitaci\u00f3n de Mar\u00eda Reyes Medina, una mujer residente del barrio El Poz\u00f3n hace 25 a\u00f1os.<\/p>\n<p>Mayo, como la conocen en su barrio, tiene dos hijos a quienes hizo profesionales con mucho esfuerzo, como muchas mujeres en Cartagena:<\/p>\n<p>\u201cCuando Yolanda fue alcaldesa encargada, impuls\u00f3 el comando de Polic\u00eda de El Poz\u00f3n y ahora estamos convencidos que ella trabajar\u00e1 24\/7 por la seguridad de los cartageneros y bajar\u00e1 los indices de homicidio como ya lo hizo, recuerdo cuando vestida de camuflado patrullaba con la Polic\u00eda las calles de Cartagena\u201d, dijo la mujer.<\/p>\n<p>Wong Baldiris lleg\u00f3 a esta comunidad cumpliendo estrictamente su agenda \u201824\/7 con tu barrio\u2019, durante e fin de semana la candidata recorri\u00f3 casa a casa diferentes sectores y cumpliendo \u00a0con varios eventos masivos y de car\u00e1cter social.<\/p>\n<p>Durante este fin de semana la candidata de la Fuerza de Cartagena estuvo visitando los barrios Ciudadela 2000, Canapote, San Jos\u00e9 de los Campanos, Los Alpes, entre otros.<\/p>\n<p>\u201cRecibir y sentir el calor de los ciudadanos es impresionante, quiero emplearme 24\/7 en la alcald\u00eda para que el gobierno de cuatro a\u00f1os parezca de ocho\u201d, anot\u00f3 la candidata.<\/p>\n<p>&nbsp;<\/p>\n","protected":false},"excerpt":{"rendered":"<p>La candidata a la alcald\u00eda de Cartagena, Yolanda Wong Baldiris cumpli\u00f3 una agenda de 30 horas en el barrio El Poz\u00f3n. Yolanda Wong ratific\u00f3 que su compromiso y gran alianza es con las comunidades y por eso lleg\u00f3 el domingo en la tarde a cumplir la invitaci\u00f3n de Mar\u00eda Reyes Medina, una mujer residente del barrio El Poz\u00f3n hace 25 a\u00f1os. Mayo, como la conocen en su barrio, tiene dos hijos a quienes hizo profesionales con mucho esfuerzo, como muchas mujeres en Cartagena: \u201cCuando Yolanda fue alcaldesa encargada, impuls\u00f3 el&#8230; <\/p>\n","protected":false},"author":3,"featured_media":31964,"comment_status":"open","ping_status":"closed","sticky":false,"template":"","format":"standard","meta":{"footnotes":"","_links_to":"","_links_to_target":""},"categories":[75,4],"tags":[],"class_list":["post-31963","post","type-post","status-publish","format-standard","has-post-thumbnail","hentry","category-destacada","category-politica"],"_links":{"self":[{"href":"https:\/\/revistazetta.com\/index.php?rest_route=\/wp\/v2\/posts\/31963","targetHints":{"allow":["GET"]}}],"collection":[{"href":"https:\/\/revistazetta.com\/index.php?rest_route=\/wp\/v2\/posts"}],"about":[{"href":"https:\/\/revistazetta.com\/index.php?rest_route=\/wp\/v2\/types\/post"}],"author":[{"embeddable":true,"href":"https:\/\/revistazetta.com\/index.php?rest_route=\/wp\/v2\/users\/3"}],"replies":[{"embeddable":true,"href":"https:\/\/revistazetta.com\/index.php?rest_route=%2Fwp%2Fv2%2Fcomments&post=31963"}],"version-history":[{"count":0,"href":"https:\/\/revistazetta.com\/index.php?rest_route=\/wp\/v2\/posts\/31963\/revisions"}],"wp:featuredmedia":[{"embeddable":true,"href":"https:\/\/revistazetta.com\/index.php?rest_route=\/wp\/v2\/media\/31964"}],"wp:attachment":[{"href":"https:\/\/revistazetta.com\/index.php?rest_route=%2Fwp%2Fv2%2Fmedia&parent=31963"}],"wp:term":[{"taxonomy":"category","embeddable":true,"href":"https:\/\/revistazetta.com\/index.php?rest_route=%2Fwp%2Fv2%2Fcategories&post=31963"},{"taxonomy":"post_tag","embeddable":true,"href":"https:\/\/revistazetta.com\/index.php?rest_route=%2Fwp%2Fv2%2Ftags&post=31963"}],"curies":[{"name":"wp","href":"https:\/\/api.w.org\/{rel}","templated":true}]}}