{"id":31965,"date":"2019-09-03T11:41:13","date_gmt":"2019-09-03T16:41:13","guid":{"rendered":"http:\/\/www.revistazetta.com\/?p=31965"},"modified":"2019-09-03T11:43:04","modified_gmt":"2019-09-03T16:43:04","slug":"sergio-londono-abrira-la-secretaria-turismo","status":"publish","type":"post","link":"https:\/\/revistazetta.com\/?p=31965","title":{"rendered":"Sergio Londo\u00f1o abrir\u00e1 la Secretar\u00eda de Turismo"},"content":{"rendered":"<blockquote><p><strong>El candidato a la Alcald\u00eda propone la transici\u00f3n hacia una autoridad que ponga orden y evite los abusos.<\/strong><\/p><\/blockquote>\n<p>El candidato a la Alcald\u00eda por el Partido Colombia Renaciente incluy\u00f3 en su Programa de Gobierno una l\u00ednea de acci\u00f3n espec\u00edfica con propuestas de soluciones a las principales problem\u00e1ticas del sector tur\u00edstico de la ciudad, el motor de la econom\u00eda cartagenera que a\u00fan no cuenta con una autoridad para lidiar con los procesos de formalizaci\u00f3n y poner orden.<\/p>\n<p>Londo\u00f1o sostuvo que \u201cpor muchos a\u00f1os el Distrito le di\u00f3 la espalda a la industria que genera m\u00e1s empleos en la ciudad. Corpoturismo ha hecho lo mejor a su alcance para promocionar la ciudad como un destino internacional pero es necesario que se ponga orden y se medie entre prestadores de servicios tur\u00edsticos, visitantes y comunidades. Cartagena como destino debe avanzar responsablemente con el ambiente, con el patrimonio y sobre todo con las comunidades\u201d.<\/p>\n<p>Dentro de sus propuestas, Londo\u00f1o considera la importancia de evaluar los mecanismos y sistemas del movimiento tur\u00edstico en la ciudad, para lo que propone se unifique la informaci\u00f3n con una plataforma para monitorear y divulgar del impacto del sector tur\u00edstico sobre la ciudad.<\/p>\n<p>\u201cNecesitamos conectar lo desconectado incluso en esos niveles. Los ingresos del turismo deben reflejarse en las comunidades y debemos saber con n\u00fameros y evaluaciones si esto realmente ocurre. Urge que los beneficios de esta industria lleguen hasta la Ci\u00e9naga de La Virgen, el cerro de La Popa y los corregimientos con nuevos modelos de turismo comunitario y de experiencia.\u201d<\/p>\n<p>Otras soluciones contenidas en el Programa de Gobierno de Londo\u00f1o para el sector tur\u00edstico son el fortalecimiento de la infraestructura tur\u00edstica de la ciudad, corregimientos y zona Insular; el desarrollo de la ruta \u00abCartagena: redescubriendo el patrimonio\u00bb y el fortalecimiento de la empleabilidad en el sector a trav\u00e9s de la formalizaci\u00f3n de actores participes en la industria.<\/p>\n<p><img loading=\"lazy\" decoding=\"async\" class=\"aligncenter wp-image-31966 size-full\" src=\"https:\/\/www.revistazetta.com\/wp-content\/uploads\/2019\/09\/SLZ-turismo-2.jpg\" alt=\"\" width=\"618\" height=\"1280\" srcset=\"https:\/\/revistazetta.com\/wp-content\/uploads\/2019\/09\/SLZ-turismo-2.jpg 618w, https:\/\/revistazetta.com\/wp-content\/uploads\/2019\/09\/SLZ-turismo-2-145x300.jpg 145w, https:\/\/revistazetta.com\/wp-content\/uploads\/2019\/09\/SLZ-turismo-2-494x1024.jpg 494w, https:\/\/revistazetta.com\/wp-content\/uploads\/2019\/09\/SLZ-turismo-2-70x146.jpg 70w, https:\/\/revistazetta.com\/wp-content\/uploads\/2019\/09\/SLZ-turismo-2-24x50.jpg 24w, https:\/\/revistazetta.com\/wp-content\/uploads\/2019\/09\/SLZ-turismo-2-36x75.jpg 36w\" sizes=\"auto, (max-width: 618px) 100vw, 618px\" \/><\/p>\n","protected":false},"excerpt":{"rendered":"<p>El candidato a la Alcald\u00eda propone la transici\u00f3n hacia una autoridad que ponga orden y evite los abusos. El candidato a la Alcald\u00eda por el Partido Colombia Renaciente incluy\u00f3 en su Programa de Gobierno una l\u00ednea de acci\u00f3n espec\u00edfica con propuestas de soluciones a las principales problem\u00e1ticas del sector tur\u00edstico de la ciudad, el motor de la econom\u00eda cartagenera que a\u00fan no cuenta con una autoridad para lidiar con los procesos de formalizaci\u00f3n y poner orden. Londo\u00f1o sostuvo que \u201cpor muchos a\u00f1os el Distrito le di\u00f3 la espalda a la&#8230; <\/p>\n","protected":false},"author":3,"featured_media":31967,"comment_status":"open","ping_status":"closed","sticky":false,"template":"","format":"standard","meta":{"footnotes":"","_links_to":"","_links_to_target":""},"categories":[75,4],"tags":[],"class_list":["post-31965","post","type-post","status-publish","format-standard","has-post-thumbnail","hentry","category-destacada","category-politica"],"_links":{"self":[{"href":"https:\/\/revistazetta.com\/index.php?rest_route=\/wp\/v2\/posts\/31965","targetHints":{"allow":["GET"]}}],"collection":[{"href":"https:\/\/revistazetta.com\/index.php?rest_route=\/wp\/v2\/posts"}],"about":[{"href":"https:\/\/revistazetta.com\/index.php?rest_route=\/wp\/v2\/types\/post"}],"author":[{"embeddable":true,"href":"https:\/\/revistazetta.com\/index.php?rest_route=\/wp\/v2\/users\/3"}],"replies":[{"embeddable":true,"href":"https:\/\/revistazetta.com\/index.php?rest_route=%2Fwp%2Fv2%2Fcomments&post=31965"}],"version-history":[{"count":0,"href":"https:\/\/revistazetta.com\/index.php?rest_route=\/wp\/v2\/posts\/31965\/revisions"}],"wp:featuredmedia":[{"embeddable":true,"href":"https:\/\/revistazetta.com\/index.php?rest_route=\/wp\/v2\/media\/31967"}],"wp:attachment":[{"href":"https:\/\/revistazetta.com\/index.php?rest_route=%2Fwp%2Fv2%2Fmedia&parent=31965"}],"wp:term":[{"taxonomy":"category","embeddable":true,"href":"https:\/\/revistazetta.com\/index.php?rest_route=%2Fwp%2Fv2%2Fcategories&post=31965"},{"taxonomy":"post_tag","embeddable":true,"href":"https:\/\/revistazetta.com\/index.php?rest_route=%2Fwp%2Fv2%2Ftags&post=31965"}],"curies":[{"name":"wp","href":"https:\/\/api.w.org\/{rel}","templated":true}]}}