{"id":31969,"date":"2019-09-03T11:49:29","date_gmt":"2019-09-03T16:49:29","guid":{"rendered":"http:\/\/www.revistazetta.com\/?p=31969"},"modified":"2019-09-03T11:49:29","modified_gmt":"2019-09-03T16:49:29","slug":"coro-gospel-free-voices-unibac-abrira-8-festival-jazz-mompox","status":"publish","type":"post","link":"https:\/\/revistazetta.com\/?p=31969","title":{"rendered":"Coro G\u00f3spel Free Voices de Unibac abrir\u00e1 el 8\u00b0 Festival de Jazz de Mompox"},"content":{"rendered":"<p>El grupo Free Voices de la Instituci\u00f3n Universitaria Bellas Artes y Ciencias de Bol\u00edvar (Unibac) abrir\u00e1 la programaci\u00f3n musical del 8\u00b0 Festival de Jazz de Mompox, el pr\u00f3ximo viernes 6 de septiembre, a las 7 de la noche, en la plaza Santa B\u00e1rbara.<\/p>\n<p>Free\u00a0Voices\u00a0es uno de los coros\u00a0g\u00f3spel\u00a0m\u00e1s reconocidos de la regi\u00f3n Caribe, gracias a la habilidad vocal de sus 43 integrantes, dirigidos por el maestro \u00c1lvaro Mackenzie en el Conservatorio de M\u00fasica Adolfo Mej\u00eda de Unibac. El grupo ha participado en varias ediciones del Festival de Jazz de Mompox, en los conciertos que se realizan en las iglesias y gracias al fervor que generan cada una de sus presentaciones, fueron invitados por primera vez, por la Gobernaci\u00f3n de Bol\u00edvar y el Instituto de Patrimonio\u00a0\u00a0 y Cultura de Bol\u00edvar (Icultur), a la tarima principal.<\/p>\n<p>\u201cPara nosotros como artistas locales es muy importante esta invitaci\u00f3n que nos hacen para estar en este gran escenario, es un gran orgullo porque exaltan nuestro talento, legitiman lo que se hace desde la academia y apoyan el trabajo de muchos a\u00f1os con el g\u00f3spel. Tambi\u00e9n es una responsabilidad muy grande por eso hemos preparado un gran espect\u00e1culo para dejarlo todo en esa tarima y hacer un concierto inolvidable\u201d, indic\u00f3 Mackenzie.<\/p>\n<p>El Coro presentar\u00e1 \u201cAfro Caribbean Gospel\u201d, un repertorio inspirado en las ra\u00edces africanas y el Caribe, resultado de su exploraci\u00f3n e investigaci\u00f3n de este g\u00e9nero en regiones como San Andr\u00e9s y Jamaica.<\/p>\n<p>Ese mismo d\u00eda estar\u00e1n en el escenario Fonseca, Juan Carlos Coronel, Eddie Herrera, el grupo de jazz franc\u00e9s Pulcinella y la jazzista espa\u00f1ola, Mar\u00eda Villarroya.<\/p>\n<p>Del talento musical que se forman en las aulas de Unibac tambi\u00e9n estar\u00e1n presente en el Festival de Jazz de Mompox la orquesta Tropikal\u00edsima, el coro polif\u00f3nico Zino Yonusas, Jazz and Jam, Octava Providencia, la Orquesta Sinf\u00f3nica de Bol\u00edvar junto al maestro Alfredo De La Fe y los S<em>treet Jazz, <\/em>los m\u00fasicos que, con sus saxofones, trompetas, acordeones y otros instrumentos, se toman las calles, plazas y parques del municipio con sus improvisaciones.<\/p>\n","protected":false},"excerpt":{"rendered":"<p>El grupo Free Voices de la Instituci\u00f3n Universitaria Bellas Artes y Ciencias de Bol\u00edvar (Unibac) abrir\u00e1 la programaci\u00f3n musical del 8\u00b0 Festival de Jazz de Mompox, el pr\u00f3ximo viernes 6 de septiembre, a las 7 de la noche, en la plaza Santa B\u00e1rbara. Free\u00a0Voices\u00a0es uno de los coros\u00a0g\u00f3spel\u00a0m\u00e1s reconocidos de la regi\u00f3n Caribe, gracias a la habilidad vocal de sus 43 integrantes, dirigidos por el maestro \u00c1lvaro Mackenzie en el Conservatorio de M\u00fasica Adolfo Mej\u00eda de Unibac. El grupo ha participado en varias ediciones del Festival de Jazz de Mompox,&#8230; <\/p>\n","protected":false},"author":3,"featured_media":31970,"comment_status":"open","ping_status":"closed","sticky":false,"template":"","format":"standard","meta":{"footnotes":"","_links_to":"","_links_to_target":""},"categories":[75,41,43],"tags":[],"class_list":["post-31969","post","type-post","status-publish","format-standard","has-post-thumbnail","hentry","category-destacada","category-cultura","category-cultura-musica"],"_links":{"self":[{"href":"https:\/\/revistazetta.com\/index.php?rest_route=\/wp\/v2\/posts\/31969","targetHints":{"allow":["GET"]}}],"collection":[{"href":"https:\/\/revistazetta.com\/index.php?rest_route=\/wp\/v2\/posts"}],"about":[{"href":"https:\/\/revistazetta.com\/index.php?rest_route=\/wp\/v2\/types\/post"}],"author":[{"embeddable":true,"href":"https:\/\/revistazetta.com\/index.php?rest_route=\/wp\/v2\/users\/3"}],"replies":[{"embeddable":true,"href":"https:\/\/revistazetta.com\/index.php?rest_route=%2Fwp%2Fv2%2Fcomments&post=31969"}],"version-history":[{"count":0,"href":"https:\/\/revistazetta.com\/index.php?rest_route=\/wp\/v2\/posts\/31969\/revisions"}],"wp:featuredmedia":[{"embeddable":true,"href":"https:\/\/revistazetta.com\/index.php?rest_route=\/wp\/v2\/media\/31970"}],"wp:attachment":[{"href":"https:\/\/revistazetta.com\/index.php?rest_route=%2Fwp%2Fv2%2Fmedia&parent=31969"}],"wp:term":[{"taxonomy":"category","embeddable":true,"href":"https:\/\/revistazetta.com\/index.php?rest_route=%2Fwp%2Fv2%2Fcategories&post=31969"},{"taxonomy":"post_tag","embeddable":true,"href":"https:\/\/revistazetta.com\/index.php?rest_route=%2Fwp%2Fv2%2Ftags&post=31969"}],"curies":[{"name":"wp","href":"https:\/\/api.w.org\/{rel}","templated":true}]}}