{"id":31972,"date":"2019-09-03T12:09:25","date_gmt":"2019-09-03T17:09:25","guid":{"rendered":"http:\/\/www.revistazetta.com\/?p=31972"},"modified":"2019-09-03T12:09:25","modified_gmt":"2019-09-03T17:09:25","slug":"trabajando-la-mano-recuperamos-cartagena-oscar-marin","status":"publish","type":"post","link":"https:\/\/revistazetta.com\/?p=31972","title":{"rendered":"Trabajando de la mano, recuperamos a Cartagena: Oscar Mar\u00edn"},"content":{"rendered":"<p>En el sector de la Bomba el Amparo se dieron cita m\u00e1s de 600 habitantes de diferentes barrios de Cartagena para escuchar al candidato por el Concejo Distrital \u00d3scar Mar\u00edn, Vicente Blel candidato a la Gobernaci\u00f3n de Bol\u00edvar, y Juan Mej\u00eda qui\u00e9n postula su nombre tambi\u00e9n para ser diputado a la Asamblea Departamental.<\/p>\n<p>En el lugar los aspirantes hablaron de sus propuestas y dieron a conocer por qu\u00e9 quieren ocupar un puesto de elecci\u00f3n popular.<\/p>\n<p>\u00abComplacido de ver tantos amigos, amigos de mis amigos. Soy un hombre temeroso de Dios. Cartagena necesita mucho, tiene muchas problem\u00e1ticas. En este a\u00f1o he presentado 4 proyectos que ya son acuerdos distritales. Cartagena necesitamos recuperarla, tenemos que seguir trabajando de la mano, trabajaremos por la creaci\u00f3n de la secretar\u00eda de la Mujer, la educaci\u00f3n, el deporte y la cultura\u00bb, asegur\u00f3 el concejal \u00d3scar Mar\u00edn.<\/p>\n<p>Vicente Blel invit\u00f3 a \u00d3scar Mar\u00edn a trabajar por la pobreza que vive Cartagena, \u00abEl principal fragelo que tenemos que combatir \u00d3scar es la pobreza, en Cartagena muchas familias viven con menos de $100 mil. Tenemos muchos j\u00f3venes en riesgo, los muchachos se est\u00e1n matando y por eso tenemos que trabajar para con educaci\u00f3n poder acabar con est\u00e1 problem\u00e1tica\u00bb.<\/p>\n<p>El candidato a la Asamblea Departamental, Juan Mej\u00eda, qui\u00e9n tambi\u00e9n hizo parte de esta reuni\u00f3n, invit\u00f3 a los ciudadanos para que los acompa\u00f1en en esta contienda electoral, \u00abEl 27 de octubre ustedes nos van a poner los pases para que el concejal, el gobernador y yo sigamos trabajando de la mano\u00bb.<\/p>\n<p>El concejal Mar\u00edn agradeci\u00f3 la presencia de tantos amigos, ciudadanos, y dem\u00e1s. Asimismo invit\u00f3 a los cartageneros para que lo acompa\u00f1en este 27 de octubre, asegur\u00f3 que es hombre de Dios que seguir\u00e1 trabajando por Cartagena desde la corporaci\u00f3n edilicia.<\/p>\n","protected":false},"excerpt":{"rendered":"<p>En el sector de la Bomba el Amparo se dieron cita m\u00e1s de 600 habitantes de diferentes barrios de Cartagena para escuchar al candidato por el Concejo Distrital \u00d3scar Mar\u00edn, Vicente Blel candidato a la Gobernaci\u00f3n de Bol\u00edvar, y Juan Mej\u00eda qui\u00e9n postula su nombre tambi\u00e9n para ser diputado a la Asamblea Departamental. En el lugar los aspirantes hablaron de sus propuestas y dieron a conocer por qu\u00e9 quieren ocupar un puesto de elecci\u00f3n popular. \u00abComplacido de ver tantos amigos, amigos de mis amigos. Soy un hombre temeroso de Dios&#8230;. <\/p>\n","protected":false},"author":3,"featured_media":31973,"comment_status":"open","ping_status":"closed","sticky":false,"template":"","format":"standard","meta":{"footnotes":"","_links_to":"","_links_to_target":""},"categories":[75],"tags":[],"class_list":["post-31972","post","type-post","status-publish","format-standard","has-post-thumbnail","hentry","category-destacada"],"_links":{"self":[{"href":"https:\/\/revistazetta.com\/index.php?rest_route=\/wp\/v2\/posts\/31972","targetHints":{"allow":["GET"]}}],"collection":[{"href":"https:\/\/revistazetta.com\/index.php?rest_route=\/wp\/v2\/posts"}],"about":[{"href":"https:\/\/revistazetta.com\/index.php?rest_route=\/wp\/v2\/types\/post"}],"author":[{"embeddable":true,"href":"https:\/\/revistazetta.com\/index.php?rest_route=\/wp\/v2\/users\/3"}],"replies":[{"embeddable":true,"href":"https:\/\/revistazetta.com\/index.php?rest_route=%2Fwp%2Fv2%2Fcomments&post=31972"}],"version-history":[{"count":0,"href":"https:\/\/revistazetta.com\/index.php?rest_route=\/wp\/v2\/posts\/31972\/revisions"}],"wp:featuredmedia":[{"embeddable":true,"href":"https:\/\/revistazetta.com\/index.php?rest_route=\/wp\/v2\/media\/31973"}],"wp:attachment":[{"href":"https:\/\/revistazetta.com\/index.php?rest_route=%2Fwp%2Fv2%2Fmedia&parent=31972"}],"wp:term":[{"taxonomy":"category","embeddable":true,"href":"https:\/\/revistazetta.com\/index.php?rest_route=%2Fwp%2Fv2%2Fcategories&post=31972"},{"taxonomy":"post_tag","embeddable":true,"href":"https:\/\/revistazetta.com\/index.php?rest_route=%2Fwp%2Fv2%2Ftags&post=31972"}],"curies":[{"name":"wp","href":"https:\/\/api.w.org\/{rel}","templated":true}]}}