{"id":31976,"date":"2019-09-03T18:22:19","date_gmt":"2019-09-03T23:22:19","guid":{"rendered":"http:\/\/www.revistazetta.com\/?p=31976"},"modified":"2019-09-03T18:22:19","modified_gmt":"2019-09-03T23:22:19","slug":"mompox-una-experiencia-filigrana","status":"publish","type":"post","link":"https:\/\/revistazetta.com\/?p=31976","title":{"rendered":"Mompox: Una experiencia en Filigrana"},"content":{"rendered":"<p>En la primera versi\u00f3n de \u2018Mompox: una experiencia en filigrana\u2019, que se realizar\u00e1 del 5 al 8 de septiembre, en el marco de la octava edici\u00f3n del Festival de Jazz de Mompox, se encontrar\u00e1 una venta de joyer\u00eda en filigrana y\u00a0 otros oficios tradicionales del municipio como ebanister\u00eda, bordado, tejedur\u00eda, alfarer\u00eda y forja.<\/p>\n<p>En total, estar\u00e1n presentes 17 grupos artesanales del departamento, brindando un espacio de venta y promoci\u00f3n de sus productos que hacen parte de la identidad \u00a0cultural de sus comunidades. Oferta comercial, trabajos y exhibiciones en vivo; y agenda tur\u00edstica y cultural permanente, se vivir\u00e1n los 4 d\u00edas en este mercado, de 10 a.m. a 8 pm, en la Casa de la cultura, con entrada libre.<\/p>\n<p>Este mercado lo realizan la Gobernaci\u00f3n de Bol\u00edvar, el Instituto de Cultura y Turismo de Bol\u00edvar \u2013 ICULTUR, la Alcald\u00eda de Mompox, el Ministerio de Comercio Industria y turismo, Fontur, y la Escuela Taller de Mompox y Artesan\u00edas de Colombia.<\/p>\n<p>Exhibici\u00f3n en vivo de oficios de filigrana y alfarer\u00eda, a cargo de la Escuela Taller de Mompox, y el conversatorio <i>Maestros del oficio, importancia a trav\u00e9s del tiempo, <\/i>moderado por la Escuela Taller de Mompox y como invitado, la Academia de Historia de Santa Cruz de Mompox, son algunos de los eventos que hacen parte de la agenda cultural del mercado.<\/p>\n<p>\u201cEl turismo y las artesan\u00edas permiten jalonar el desarrollo de la econom\u00eda naranja en las regiones que cuentan con una oferta asociada a estos sub sectores de la econom\u00eda. Si bien el turismo encuentra en las artesan\u00edas una posibilidad de diversificaci\u00f3n, a partir del aprovechamiento sostenible del patrimonio, las artesan\u00edas toman valor y se transforman cuando encuentran nuevos espacios de promoci\u00f3n y comercializaci\u00f3n\u201d, asegura Ana Mar\u00eda Fr\u00edes, Gerente de Artesan\u00edas de Colombia.<\/p>\n<div><\/div>\n<div>\n<p><b>Agenda Cultural del Mercado<\/b><\/p>\n<p><b>Viernes 6 de septiembre<\/b><\/p>\n<p>11 a.m. Apertura oficial<\/p>\n<p>10 a.m. a 6 p.m. Exhibici\u00f3n de oficios de filigrana y alfarer\u00eda, a cargo de la Escuela Taller de Mompox.<\/p>\n<p>3 p.m. a 4 p.m. Conversatorio Maestros del oficio, importancia a trav\u00e9s del tiempo. Modera: Escuela Taller de Mompox, Invitado: Academia de Historia de Santa Cruz de Mompox.<\/p>\n<p><b>S\u00e1bado 7 de Septiembre<\/b><\/p>\n<p>10 a.m. a 6 p.m. Exhibici\u00f3n de oficios de filigrana y alfarer\u00eda, a cargo de la Escuela Taller de Mompox.<\/p>\n<\/div>\n","protected":false},"excerpt":{"rendered":"<p>En la primera versi\u00f3n de \u2018Mompox: una experiencia en filigrana\u2019, que se realizar\u00e1 del 5 al 8 de septiembre, en el marco de la octava edici\u00f3n del Festival de Jazz de Mompox, se encontrar\u00e1 una venta de joyer\u00eda en filigrana y\u00a0 otros oficios tradicionales del municipio como ebanister\u00eda, bordado, tejedur\u00eda, alfarer\u00eda y forja. En total, estar\u00e1n presentes 17 grupos artesanales del departamento, brindando un espacio de venta y promoci\u00f3n de sus productos que hacen parte de la identidad \u00a0cultural de sus comunidades. Oferta comercial, trabajos y exhibiciones en vivo; y&#8230; <\/p>\n","protected":false},"author":3,"featured_media":31977,"comment_status":"open","ping_status":"closed","sticky":false,"template":"","format":"standard","meta":{"footnotes":"","_links_to":"","_links_to_target":""},"categories":[41],"tags":[],"class_list":["post-31976","post","type-post","status-publish","format-standard","has-post-thumbnail","hentry","category-cultura"],"_links":{"self":[{"href":"https:\/\/revistazetta.com\/index.php?rest_route=\/wp\/v2\/posts\/31976","targetHints":{"allow":["GET"]}}],"collection":[{"href":"https:\/\/revistazetta.com\/index.php?rest_route=\/wp\/v2\/posts"}],"about":[{"href":"https:\/\/revistazetta.com\/index.php?rest_route=\/wp\/v2\/types\/post"}],"author":[{"embeddable":true,"href":"https:\/\/revistazetta.com\/index.php?rest_route=\/wp\/v2\/users\/3"}],"replies":[{"embeddable":true,"href":"https:\/\/revistazetta.com\/index.php?rest_route=%2Fwp%2Fv2%2Fcomments&post=31976"}],"version-history":[{"count":0,"href":"https:\/\/revistazetta.com\/index.php?rest_route=\/wp\/v2\/posts\/31976\/revisions"}],"wp:featuredmedia":[{"embeddable":true,"href":"https:\/\/revistazetta.com\/index.php?rest_route=\/wp\/v2\/media\/31977"}],"wp:attachment":[{"href":"https:\/\/revistazetta.com\/index.php?rest_route=%2Fwp%2Fv2%2Fmedia&parent=31976"}],"wp:term":[{"taxonomy":"category","embeddable":true,"href":"https:\/\/revistazetta.com\/index.php?rest_route=%2Fwp%2Fv2%2Fcategories&post=31976"},{"taxonomy":"post_tag","embeddable":true,"href":"https:\/\/revistazetta.com\/index.php?rest_route=%2Fwp%2Fv2%2Ftags&post=31976"}],"curies":[{"name":"wp","href":"https:\/\/api.w.org\/{rel}","templated":true}]}}