{"id":32000,"date":"2019-09-05T05:55:40","date_gmt":"2019-09-05T10:55:40","guid":{"rendered":"http:\/\/www.revistazetta.com\/?p=32000"},"modified":"2019-09-05T05:55:40","modified_gmt":"2019-09-05T10:55:40","slug":"liliana-suarez-una-curul-concejo-la-familia-la-juventud","status":"publish","type":"post","link":"https:\/\/revistazetta.com\/?p=32000","title":{"rendered":"Liliana Su\u00e1rez, una curul en el Concejo para la Familia y la Juventud"},"content":{"rendered":"<p>La reconstrucci\u00f3n del tejido social de Cartagena hace inaplazable la adopci\u00f3n de pol\u00edticas p\u00fablicas para la Familia y la Juventud, y esa es una de las misiones que se compromete a adelantar desde el Concejo la abogada y dirigente social Liliana Su\u00e1rez.<\/p>\n<p>La violencia intrafamiliar, la falta de oportunidades de estudio y trabajo para j\u00f3venes, el embarazo en adolescentes o las responsabilidades de las madres cabeza de familia, son realidades que Cartagena est\u00e1 viviendo, y que requieren prioridad en la agenda de la ciudad.<\/p>\n<p>\u201cMuchos casos de violencia en la familia se registran en presencia de menores, incluso muchas veces son los receptores directos\u201d, dice Su\u00e1rez, quien por muchos a\u00f1os se ha dedicado al trabajo social desde el sector solidario a trav\u00e9s de la Fundaci\u00f3n Tesoneras, especializada en el apoyo a mujeres madres cabeza de hogar, mujeres v\u00edctimas de violencia intrafamiliar, embarazo adolescente, entre otras situaciones sociales, ahora quiere poner esa experiencia al servicio de la ciudad.<\/p>\n<p>Su\u00e1rez lleva muchos a\u00f1os metida de lleno en comunidades, pero ahora su presencia es mucho m\u00e1s intensa con ocasi\u00f3n de su campa\u00f1a al Concejo, avalada por el partido ASI con el n\u00famero 7 en el tarjet\u00f3n.<\/p>\n<p>En sus charlas con la comunidad dedica especial tiempo para dialogar con j\u00f3venes, pues sabe que este segmento de la poblaci\u00f3n presenta complejidades que el Estado no est\u00e1 priorizando.<\/p>\n<p>Le preocupan los niveles de resquebrajamiento de la unidad familiar, pues muchas veces los j\u00f3venes no reciben ni el cari\u00f1o ni el di\u00e1logo de sus padres, y buscan en el licor o en las drogas llenar ese vac\u00edo. \u201cEs importante hablar mucho con la juventud, saber qu\u00e9 piensan, qu\u00e9 expectativas tienen, c\u00f3mo est\u00e1n haciendo su plan de vida, pero si los dejamos solos, pueden tomar el camino equivocado\u201d, dice en una de las conversaciones comunitarias.<\/p>\n<p>Liliana Su\u00e1rez perfila una de las m\u00e1s altas votaciones de ASI, y por ello ha redoblado el trabajo con todo su equipo, junto con su esposo, el concejal Ronal Fortich.<\/p>\n","protected":false},"excerpt":{"rendered":"<p>La reconstrucci\u00f3n del tejido social de Cartagena hace inaplazable la adopci\u00f3n de pol\u00edticas p\u00fablicas para la Familia y la Juventud, y esa es una de las misiones que se compromete a adelantar desde el Concejo la abogada y dirigente social Liliana Su\u00e1rez. La violencia intrafamiliar, la falta de oportunidades de estudio y trabajo para j\u00f3venes, el embarazo en adolescentes o las responsabilidades de las madres cabeza de familia, son realidades que Cartagena est\u00e1 viviendo, y que requieren prioridad en la agenda de la ciudad. \u201cMuchos casos de violencia en la&#8230; <\/p>\n","protected":false},"author":3,"featured_media":32001,"comment_status":"open","ping_status":"closed","sticky":false,"template":"","format":"standard","meta":{"footnotes":"","_links_to":"","_links_to_target":""},"categories":[75,4],"tags":[],"class_list":["post-32000","post","type-post","status-publish","format-standard","has-post-thumbnail","hentry","category-destacada","category-politica"],"_links":{"self":[{"href":"https:\/\/revistazetta.com\/index.php?rest_route=\/wp\/v2\/posts\/32000","targetHints":{"allow":["GET"]}}],"collection":[{"href":"https:\/\/revistazetta.com\/index.php?rest_route=\/wp\/v2\/posts"}],"about":[{"href":"https:\/\/revistazetta.com\/index.php?rest_route=\/wp\/v2\/types\/post"}],"author":[{"embeddable":true,"href":"https:\/\/revistazetta.com\/index.php?rest_route=\/wp\/v2\/users\/3"}],"replies":[{"embeddable":true,"href":"https:\/\/revistazetta.com\/index.php?rest_route=%2Fwp%2Fv2%2Fcomments&post=32000"}],"version-history":[{"count":0,"href":"https:\/\/revistazetta.com\/index.php?rest_route=\/wp\/v2\/posts\/32000\/revisions"}],"wp:featuredmedia":[{"embeddable":true,"href":"https:\/\/revistazetta.com\/index.php?rest_route=\/wp\/v2\/media\/32001"}],"wp:attachment":[{"href":"https:\/\/revistazetta.com\/index.php?rest_route=%2Fwp%2Fv2%2Fmedia&parent=32000"}],"wp:term":[{"taxonomy":"category","embeddable":true,"href":"https:\/\/revistazetta.com\/index.php?rest_route=%2Fwp%2Fv2%2Fcategories&post=32000"},{"taxonomy":"post_tag","embeddable":true,"href":"https:\/\/revistazetta.com\/index.php?rest_route=%2Fwp%2Fv2%2Ftags&post=32000"}],"curies":[{"name":"wp","href":"https:\/\/api.w.org\/{rel}","templated":true}]}}