{"id":32014,"date":"2019-09-05T06:13:43","date_gmt":"2019-09-05T11:13:43","guid":{"rendered":"http:\/\/www.revistazetta.com\/?p=32014"},"modified":"2019-09-05T08:03:50","modified_gmt":"2019-09-05T13:03:50","slug":"borre-cuenta-nueva","status":"publish","type":"post","link":"https:\/\/revistazetta.com\/?p=32014","title":{"rendered":"Borr\u00e9\u2026 \u00a1y cuenta nueva!"},"content":{"rendered":"<p>El prop\u00f3sito es claro: borrar todas aquella situaciones que han turbado a nuestra ciudad y hacer una cuenta nueva para la transformaci\u00f3n real de la pol\u00edtica cartagenera.<\/p>\n<p>Es el planteamiento de Pedro Borr\u00e9, un abogado y dirigente social que est\u00e1 presentando su propuesta para llegar al Concejo de Cartagena, avalado por el partido ASI, n\u00famero 12 en el tarjet\u00f3n.<\/p>\n<p>Lo que viene ocurriendo con la crisis institucional de la ciudad, los cambios en la Alcald\u00eda, y lo sucedido en el Concejo, hacen que la ciudad deba recapacitar, aprender de los errores cometidos, y tener la capacidad de cambiar. \u201cYo veo una oportunidad para transformar y renovar, decirle a los cartageneros que es posible una mejor forma de coadministrar\u201d, dice.<\/p>\n<p>Le preocupa que la juventud no perciba la profundidad de la crisis, y no participe. \u201cVemos que la juventud est\u00e1 siendo esc\u00e9ptica a las transformaciones sociales y no deber\u00eda ser as\u00ed. Nosotros los j\u00f3venes debemos serlos protagonistas de los cambios en la ciudad\u201d, declara.<\/p>\n<p>&nbsp;<\/p>\n<p><iframe loading=\"lazy\" src=\"https:\/\/www.youtube.com\/embed\/5tSYIoZm1LU\" width=\"560\" height=\"315\" frameborder=\"0\" allowfullscreen=\"allowfullscreen\"><\/iframe><\/p>\n","protected":false},"excerpt":{"rendered":"<p>El prop\u00f3sito es claro: borrar todas aquella situaciones que han turbado a nuestra ciudad y hacer una cuenta nueva para la transformaci\u00f3n real de la pol\u00edtica cartagenera. Es el planteamiento de Pedro Borr\u00e9, un abogado y dirigente social que est\u00e1 presentando su propuesta para llegar al Concejo de Cartagena, avalado por el partido ASI, n\u00famero 12 en el tarjet\u00f3n. Lo que viene ocurriendo con la crisis institucional de la ciudad, los cambios en la Alcald\u00eda, y lo sucedido en el Concejo, hacen que la ciudad deba recapacitar, aprender de los&#8230; <\/p>\n","protected":false},"author":3,"featured_media":32020,"comment_status":"open","ping_status":"closed","sticky":false,"template":"","format":"standard","meta":{"footnotes":"","_links_to":"","_links_to_target":""},"categories":[75],"tags":[],"class_list":["post-32014","post","type-post","status-publish","format-standard","has-post-thumbnail","hentry","category-destacada"],"_links":{"self":[{"href":"https:\/\/revistazetta.com\/index.php?rest_route=\/wp\/v2\/posts\/32014","targetHints":{"allow":["GET"]}}],"collection":[{"href":"https:\/\/revistazetta.com\/index.php?rest_route=\/wp\/v2\/posts"}],"about":[{"href":"https:\/\/revistazetta.com\/index.php?rest_route=\/wp\/v2\/types\/post"}],"author":[{"embeddable":true,"href":"https:\/\/revistazetta.com\/index.php?rest_route=\/wp\/v2\/users\/3"}],"replies":[{"embeddable":true,"href":"https:\/\/revistazetta.com\/index.php?rest_route=%2Fwp%2Fv2%2Fcomments&post=32014"}],"version-history":[{"count":0,"href":"https:\/\/revistazetta.com\/index.php?rest_route=\/wp\/v2\/posts\/32014\/revisions"}],"wp:featuredmedia":[{"embeddable":true,"href":"https:\/\/revistazetta.com\/index.php?rest_route=\/wp\/v2\/media\/32020"}],"wp:attachment":[{"href":"https:\/\/revistazetta.com\/index.php?rest_route=%2Fwp%2Fv2%2Fmedia&parent=32014"}],"wp:term":[{"taxonomy":"category","embeddable":true,"href":"https:\/\/revistazetta.com\/index.php?rest_route=%2Fwp%2Fv2%2Fcategories&post=32014"},{"taxonomy":"post_tag","embeddable":true,"href":"https:\/\/revistazetta.com\/index.php?rest_route=%2Fwp%2Fv2%2Ftags&post=32014"}],"curies":[{"name":"wp","href":"https:\/\/api.w.org\/{rel}","templated":true}]}}