{"id":32021,"date":"2019-09-05T15:01:10","date_gmt":"2019-09-05T20:01:10","guid":{"rendered":"http:\/\/www.revistazetta.com\/?p=32021"},"modified":"2019-09-05T16:38:03","modified_gmt":"2019-09-05T21:38:03","slug":"jaime-hernandez-usemos-coco-la-bicicleta","status":"publish","type":"post","link":"https:\/\/revistazetta.com\/?p=32021","title":{"rendered":"Jaime Hern\u00e1ndez: Usemos el coco&#8230; \u00a1y la bicicleta\u00bb"},"content":{"rendered":"<p>El candidato a la Alcald\u00eda de Cartagena, Jaime Hern\u00e1ndez Am\u00edn, present\u00f3 su propuesta de un Plan Maestro para el Uso de la Bicicleta.<\/p>\n<p>La propuesta est\u00e1 basada en un estudio que contrat\u00f3 la Alcald\u00eda con firmas Despacio, JB Mobility y el gobierno de los Pa\u00edses Bajos, en el cual se contempla la construcci\u00f3n de 3 ciclov\u00edas arborizadas por v\u00edas de alta demanda, como la avenida Crisanto Luque, Av Pedro Romero y Av San Martin.<\/p>\n<p>El uso de la bicicleta ha venido creciendo en los \u00faltimos a\u00f1os, por eso hacemos un llamado a la comunidad ciclista cartagenera e invitamos a que nos sentemos a trabajar juntos esta propuesta y hacer una Cartagena m\u00e1s saludable, sostenible y deportiva para todos.<\/p>\n<p><iframe loading=\"lazy\" src=\"https:\/\/www.youtube.com\/embed\/Zqsv7UBG7IQ\" width=\"560\" height=\"315\" frameborder=\"0\" allowfullscreen=\"allowfullscreen\"><\/iframe><\/p>\n","protected":false},"excerpt":{"rendered":"<p>El candidato a la Alcald\u00eda de Cartagena, Jaime Hern\u00e1ndez Am\u00edn, present\u00f3 su propuesta de un Plan Maestro para el Uso de la Bicicleta. La propuesta est\u00e1 basada en un estudio que contrat\u00f3 la Alcald\u00eda con firmas Despacio, JB Mobility y el gobierno de los Pa\u00edses Bajos, en el cual se contempla la construcci\u00f3n de 3 ciclov\u00edas arborizadas por v\u00edas de alta demanda, como la avenida Crisanto Luque, Av Pedro Romero y Av San Martin. El uso de la bicicleta ha venido creciendo en los \u00faltimos a\u00f1os, por eso hacemos un&#8230; <\/p>\n","protected":false},"author":3,"featured_media":32034,"comment_status":"open","ping_status":"closed","sticky":false,"template":"","format":"standard","meta":{"footnotes":"","_links_to":"","_links_to_target":""},"categories":[75,4],"tags":[],"class_list":["post-32021","post","type-post","status-publish","format-standard","has-post-thumbnail","hentry","category-destacada","category-politica"],"_links":{"self":[{"href":"https:\/\/revistazetta.com\/index.php?rest_route=\/wp\/v2\/posts\/32021","targetHints":{"allow":["GET"]}}],"collection":[{"href":"https:\/\/revistazetta.com\/index.php?rest_route=\/wp\/v2\/posts"}],"about":[{"href":"https:\/\/revistazetta.com\/index.php?rest_route=\/wp\/v2\/types\/post"}],"author":[{"embeddable":true,"href":"https:\/\/revistazetta.com\/index.php?rest_route=\/wp\/v2\/users\/3"}],"replies":[{"embeddable":true,"href":"https:\/\/revistazetta.com\/index.php?rest_route=%2Fwp%2Fv2%2Fcomments&post=32021"}],"version-history":[{"count":0,"href":"https:\/\/revistazetta.com\/index.php?rest_route=\/wp\/v2\/posts\/32021\/revisions"}],"wp:featuredmedia":[{"embeddable":true,"href":"https:\/\/revistazetta.com\/index.php?rest_route=\/wp\/v2\/media\/32034"}],"wp:attachment":[{"href":"https:\/\/revistazetta.com\/index.php?rest_route=%2Fwp%2Fv2%2Fmedia&parent=32021"}],"wp:term":[{"taxonomy":"category","embeddable":true,"href":"https:\/\/revistazetta.com\/index.php?rest_route=%2Fwp%2Fv2%2Fcategories&post=32021"},{"taxonomy":"post_tag","embeddable":true,"href":"https:\/\/revistazetta.com\/index.php?rest_route=%2Fwp%2Fv2%2Ftags&post=32021"}],"curies":[{"name":"wp","href":"https:\/\/api.w.org\/{rel}","templated":true}]}}