{"id":32028,"date":"2019-09-05T15:41:51","date_gmt":"2019-09-05T20:41:51","guid":{"rendered":"http:\/\/www.revistazetta.com\/?p=32028"},"modified":"2019-09-05T15:41:51","modified_gmt":"2019-09-05T20:41:51","slug":"bolivar-camina-vicente-blel-hacia-la-victoria","status":"publish","type":"post","link":"https:\/\/revistazetta.com\/?p=32028","title":{"rendered":"Bol\u00edvar camina con Vicente Blel hacia la Victoria"},"content":{"rendered":"<p>\u00abEs grato llegar a las comunidades de Bol\u00edvar y encontrar miles de personas que se sienten representadas con este proyecto, personas que multiplican nuestro mensaje y que caminan junto a nosotros hacia la Victoria\u00bb.<\/p>\n<p>As\u00ed lo expres\u00f3 entusiasmado el candidato a la Gobernaci\u00f3n de Bol\u00edvar, Vicente Blel Scaff, ante cientos de habitantes del municipio de El Pe\u00f1\u00f3n, que lo acompa\u00f1aron en una caminata y luego en una multitudinaria concentraci\u00f3n en plaza p\u00fablica.<\/p>\n<p>El candidato lleg\u00f3 a esta poblaci\u00f3n en el marco de la Ruta por Bol\u00edvar, con la cual est\u00e1 nuevamente visitando esta zona del departamento y sellando con sus comunidades un Gran Pacto Social por La Victoria.<\/p>\n<p>All\u00ed recalc\u00f3 su compromiso con el campo bolivarense, con el mejoramiento del sistema de salud y su voluntad de hacer de Bol\u00edvar un departamento m\u00e1s competitivo y l\u00edder de la regi\u00f3n.<\/p>\n<p>Por su parte, Luis Antonio Venecia, l\u00edder del municipio, asegur\u00f3 que \u00abhoy esta humilde comunidad se vuelca a las calles para sellar este pacto social por el desarrollo y progreso de la zona\u00bb.<\/p>\n<p>&nbsp;<\/p>\n","protected":false},"excerpt":{"rendered":"<p>\u00abEs grato llegar a las comunidades de Bol\u00edvar y encontrar miles de personas que se sienten representadas con este proyecto, personas que multiplican nuestro mensaje y que caminan junto a nosotros hacia la Victoria\u00bb. As\u00ed lo expres\u00f3 entusiasmado el candidato a la Gobernaci\u00f3n de Bol\u00edvar, Vicente Blel Scaff, ante cientos de habitantes del municipio de El Pe\u00f1\u00f3n, que lo acompa\u00f1aron en una caminata y luego en una multitudinaria concentraci\u00f3n en plaza p\u00fablica. El candidato lleg\u00f3 a esta poblaci\u00f3n en el marco de la Ruta por Bol\u00edvar, con la cual est\u00e1&#8230; <\/p>\n","protected":false},"author":3,"featured_media":32029,"comment_status":"open","ping_status":"closed","sticky":false,"template":"","format":"standard","meta":{"footnotes":"","_links_to":"","_links_to_target":""},"categories":[75,4],"tags":[],"class_list":["post-32028","post","type-post","status-publish","format-standard","has-post-thumbnail","hentry","category-destacada","category-politica"],"_links":{"self":[{"href":"https:\/\/revistazetta.com\/index.php?rest_route=\/wp\/v2\/posts\/32028","targetHints":{"allow":["GET"]}}],"collection":[{"href":"https:\/\/revistazetta.com\/index.php?rest_route=\/wp\/v2\/posts"}],"about":[{"href":"https:\/\/revistazetta.com\/index.php?rest_route=\/wp\/v2\/types\/post"}],"author":[{"embeddable":true,"href":"https:\/\/revistazetta.com\/index.php?rest_route=\/wp\/v2\/users\/3"}],"replies":[{"embeddable":true,"href":"https:\/\/revistazetta.com\/index.php?rest_route=%2Fwp%2Fv2%2Fcomments&post=32028"}],"version-history":[{"count":0,"href":"https:\/\/revistazetta.com\/index.php?rest_route=\/wp\/v2\/posts\/32028\/revisions"}],"wp:featuredmedia":[{"embeddable":true,"href":"https:\/\/revistazetta.com\/index.php?rest_route=\/wp\/v2\/media\/32029"}],"wp:attachment":[{"href":"https:\/\/revistazetta.com\/index.php?rest_route=%2Fwp%2Fv2%2Fmedia&parent=32028"}],"wp:term":[{"taxonomy":"category","embeddable":true,"href":"https:\/\/revistazetta.com\/index.php?rest_route=%2Fwp%2Fv2%2Fcategories&post=32028"},{"taxonomy":"post_tag","embeddable":true,"href":"https:\/\/revistazetta.com\/index.php?rest_route=%2Fwp%2Fv2%2Ftags&post=32028"}],"curies":[{"name":"wp","href":"https:\/\/api.w.org\/{rel}","templated":true}]}}