{"id":32032,"date":"2019-09-05T16:17:54","date_gmt":"2019-09-05T21:17:54","guid":{"rendered":"http:\/\/www.revistazetta.com\/?p=32032"},"modified":"2019-09-05T16:17:54","modified_gmt":"2019-09-05T21:17:54","slug":"ya-me-veran-vestida-policia-yolanda-wong","status":"publish","type":"post","link":"https:\/\/revistazetta.com\/?p=32032","title":{"rendered":"\u00abYa me ver\u00e1n vestida de Polic\u00eda\u00bb: Yolanda Wong"},"content":{"rendered":"<p>La candidata a la Alcald\u00eda de Cartagena lleg\u00f3 a Daniel Lemaitre para dialogar con los habitantes sobre sus propuestas para gobernar la ciudad en los pr\u00f3ximos cuatro a\u00f1os.<\/p>\n<p>Continuando con sus recorridos en los barrios de Cartagena, Yolanda Wong Baldiris, lleg\u00f3 con su Fuerza al tradicional barrio de Daniel Lemaitre a debatir y socializar las problem\u00e1ticas que enfrenta esta comunidad y sus propuestas aterrizadas para solucionarlas.<\/p>\n<p>\u201cVamos a ganar la Alcald\u00eda con el pueblo que hoy nos acompa\u00f1a, que caminan conmigo calle a calle y casa a casa. Nosotros hoy no tenemos miedo y no tenemos miedo porque hoy la ciudadania est\u00e1 caminando y multiplicando el nombre de Yolanda Wong\u201d, expres\u00f3 la candidata.<\/p>\n<p>A los vecinos de Daniel Lemaitre y sectores aleda\u00f1os les preocupa la inseguridad para lo que Wong Baldiris asegur\u00f3 que se va a implementar una pol\u00edtica de seguridad concertada en donde \u201cevaluaremos con cada sector social de Cartagena sus riesgos precisos y tomaremos\u00a0acciones contundentes, ya me ver\u00e1n vestida de polic\u00eda como lo hice en mi encargo porque la seguridad siempre ha sido uno de mis pilares\u201d, dijo.<\/p>\n<p>La candidata tambi\u00e9n habl\u00f3 sobre la propuesta planteada en su plan de gobierno \u2018Cartagena incluyente y segura\u2019 que corresponde a la implementaci\u00f3n de 45 CAI m\u00f3viles; 3 por cada unidad comunera de gobierno y que se ir\u00e1n moviendo en forma inteligente de acuerdo con los requerimientos de las comunidades.<\/p>\n<p>\u201cCon seguridad vamos a gobernar, con seguridad vamos a vivir en Cartagena, con seguridad me van a elegir, este es el tiempo de las mujeres, el \u00faltimo periodo completo en la administraci\u00f3n fue el de una mujer y estoy segura que esa historia se va a repetir con el apoyo de los ciudadanos que se est\u00e1n moviendo\u201d, anot\u00f3.<\/p>\n<p>#LaFuerzaDeCartagena tambi\u00e9n estuvo en las comunidades de Olaya Herrera y Ciudadela 2000.<\/p>\n<p>&nbsp;<\/p>\n","protected":false},"excerpt":{"rendered":"<p>La candidata a la Alcald\u00eda de Cartagena lleg\u00f3 a Daniel Lemaitre para dialogar con los habitantes sobre sus propuestas para gobernar la ciudad en los pr\u00f3ximos cuatro a\u00f1os. Continuando con sus recorridos en los barrios de Cartagena, Yolanda Wong Baldiris, lleg\u00f3 con su Fuerza al tradicional barrio de Daniel Lemaitre a debatir y socializar las problem\u00e1ticas que enfrenta esta comunidad y sus propuestas aterrizadas para solucionarlas. \u201cVamos a ganar la Alcald\u00eda con el pueblo que hoy nos acompa\u00f1a, que caminan conmigo calle a calle y casa a casa. Nosotros hoy&#8230; <\/p>\n","protected":false},"author":3,"featured_media":32033,"comment_status":"open","ping_status":"closed","sticky":false,"template":"","format":"standard","meta":{"footnotes":"","_links_to":"","_links_to_target":""},"categories":[75,4],"tags":[],"class_list":["post-32032","post","type-post","status-publish","format-standard","has-post-thumbnail","hentry","category-destacada","category-politica"],"_links":{"self":[{"href":"https:\/\/revistazetta.com\/index.php?rest_route=\/wp\/v2\/posts\/32032","targetHints":{"allow":["GET"]}}],"collection":[{"href":"https:\/\/revistazetta.com\/index.php?rest_route=\/wp\/v2\/posts"}],"about":[{"href":"https:\/\/revistazetta.com\/index.php?rest_route=\/wp\/v2\/types\/post"}],"author":[{"embeddable":true,"href":"https:\/\/revistazetta.com\/index.php?rest_route=\/wp\/v2\/users\/3"}],"replies":[{"embeddable":true,"href":"https:\/\/revistazetta.com\/index.php?rest_route=%2Fwp%2Fv2%2Fcomments&post=32032"}],"version-history":[{"count":0,"href":"https:\/\/revistazetta.com\/index.php?rest_route=\/wp\/v2\/posts\/32032\/revisions"}],"wp:featuredmedia":[{"embeddable":true,"href":"https:\/\/revistazetta.com\/index.php?rest_route=\/wp\/v2\/media\/32033"}],"wp:attachment":[{"href":"https:\/\/revistazetta.com\/index.php?rest_route=%2Fwp%2Fv2%2Fmedia&parent=32032"}],"wp:term":[{"taxonomy":"category","embeddable":true,"href":"https:\/\/revistazetta.com\/index.php?rest_route=%2Fwp%2Fv2%2Fcategories&post=32032"},{"taxonomy":"post_tag","embeddable":true,"href":"https:\/\/revistazetta.com\/index.php?rest_route=%2Fwp%2Fv2%2Ftags&post=32032"}],"curies":[{"name":"wp","href":"https:\/\/api.w.org\/{rel}","templated":true}]}}