{"id":32036,"date":"2019-09-05T17:24:07","date_gmt":"2019-09-05T22:24:07","guid":{"rendered":"http:\/\/www.revistazetta.com\/?p=32036"},"modified":"2019-09-05T17:24:07","modified_gmt":"2019-09-05T22:24:07","slug":"robusto-respaldo-cristian-herazo-3-ediles-actuales-4-aspirantes-la-jal","status":"publish","type":"post","link":"https:\/\/revistazetta.com\/?p=32036","title":{"rendered":"Robusto respaldo a Cristian Herazo: 3 ediles actuales y 4 aspirantes a la JAL"},"content":{"rendered":"<p>Un robusto respaldo de ediles y candidatos a Juntas Administradoras Locales recibi\u00f3 el candidato al Concejo Cristian Herazo, del partido Conservador, n\u00famero 2 en el tarjet\u00f3n.<\/p>\n<p>Recibi\u00f3 el apoyo de Fico de la Rosa, edil de la localidad 1; Germ\u00e1n Polo, edil de la localidad 2, y Julio Carrillo, edil de la localidad 3.<\/p>\n<p>As\u00ed mismo de los candidatos a la JAL por la Localidad 1, Jhonatan Bonilla, y de la Localidad 2, Alfredina Chiquillo, Lucy Martelo y Yesid Torres.<\/p>\n<p>Herazo se mostr\u00f3 complacido con este gran respaldo y manifest\u00f3 que \u201c Unidos, trabajando en equipo, lograremos consolidar este reto que nos propusimos de alcanzar una curul en el Concejo y construir la Cartagena que todos nos merecemos\u201d. De igual forma enfatiz\u00f3 en que trabajar\u00e1 arduamente para garantizar varias curules edilicias en las 3 localidades.<\/p>\n<p>&nbsp;<\/p>\n","protected":false},"excerpt":{"rendered":"<p>Un robusto respaldo de ediles y candidatos a Juntas Administradoras Locales recibi\u00f3 el candidato al Concejo Cristian Herazo, del partido Conservador, n\u00famero 2 en el tarjet\u00f3n. Recibi\u00f3 el apoyo de Fico de la Rosa, edil de la localidad 1; Germ\u00e1n Polo, edil de la localidad 2, y Julio Carrillo, edil de la localidad 3. As\u00ed mismo de los candidatos a la JAL por la Localidad 1, Jhonatan Bonilla, y de la Localidad 2, Alfredina Chiquillo, Lucy Martelo y Yesid Torres. Herazo se mostr\u00f3 complacido con este gran respaldo y manifest\u00f3&#8230; <\/p>\n","protected":false},"author":3,"featured_media":32037,"comment_status":"open","ping_status":"closed","sticky":false,"template":"","format":"standard","meta":{"footnotes":"","_links_to":"","_links_to_target":""},"categories":[75,4],"tags":[],"class_list":["post-32036","post","type-post","status-publish","format-standard","has-post-thumbnail","hentry","category-destacada","category-politica"],"_links":{"self":[{"href":"https:\/\/revistazetta.com\/index.php?rest_route=\/wp\/v2\/posts\/32036","targetHints":{"allow":["GET"]}}],"collection":[{"href":"https:\/\/revistazetta.com\/index.php?rest_route=\/wp\/v2\/posts"}],"about":[{"href":"https:\/\/revistazetta.com\/index.php?rest_route=\/wp\/v2\/types\/post"}],"author":[{"embeddable":true,"href":"https:\/\/revistazetta.com\/index.php?rest_route=\/wp\/v2\/users\/3"}],"replies":[{"embeddable":true,"href":"https:\/\/revistazetta.com\/index.php?rest_route=%2Fwp%2Fv2%2Fcomments&post=32036"}],"version-history":[{"count":0,"href":"https:\/\/revistazetta.com\/index.php?rest_route=\/wp\/v2\/posts\/32036\/revisions"}],"wp:featuredmedia":[{"embeddable":true,"href":"https:\/\/revistazetta.com\/index.php?rest_route=\/wp\/v2\/media\/32037"}],"wp:attachment":[{"href":"https:\/\/revistazetta.com\/index.php?rest_route=%2Fwp%2Fv2%2Fmedia&parent=32036"}],"wp:term":[{"taxonomy":"category","embeddable":true,"href":"https:\/\/revistazetta.com\/index.php?rest_route=%2Fwp%2Fv2%2Fcategories&post=32036"},{"taxonomy":"post_tag","embeddable":true,"href":"https:\/\/revistazetta.com\/index.php?rest_route=%2Fwp%2Fv2%2Ftags&post=32036"}],"curies":[{"name":"wp","href":"https:\/\/api.w.org\/{rel}","templated":true}]}}