{"id":32067,"date":"2019-09-07T14:08:30","date_gmt":"2019-09-07T19:08:30","guid":{"rendered":"http:\/\/www.revistazetta.com\/?p=32067"},"modified":"2019-09-07T14:11:48","modified_gmt":"2019-09-07T19:11:48","slug":"carlos-raad-exhibio-la-solidez-campana-al-concejo","status":"publish","type":"post","link":"https:\/\/revistazetta.com\/?p=32067","title":{"rendered":"Carlos Raad exhibi\u00f3 la solidez de su campa\u00f1a al Concejo"},"content":{"rendered":"<p>Una nueva gran muestra de solidez pol\u00edtica exhibi\u00f3 el candidato al Concejo de Cambio Radical, Carlos Raad, con firmeza de convicciones y gran cantidad de seguidores.<\/p>\n<p>Ante m\u00e1s de 600 personas reunidas en El Barrio El L\u00edbano, Raad de la Ossa se\u00f1al\u00f3 que \u00abes el momento de devolverle la confianza a la ciudadan\u00eda demostr\u00e1ndole que si se puede hacer pol\u00edtica por la gente y para la gente\u00bb.<\/p>\n<p>En la reuni\u00f3n le acompa\u00f1aron\u00a0Sandra Garc\u00eda, en representaci\u00f3n de su hermano William Garc\u00eda Tirado, candidato a la Alcald\u00eda de Cartagena; Hernando Padau\u00ed, candidato a la Gobernaci\u00f3n de Bol\u00edvar; Jorge Redondo, aspirante a la Asamblea, y Wilmer Valiente, aspirante a la JAL.<\/p>\n<p>La lista de Cambio Radical es considerada \u00e1nade las m\u00e1s fuertes para el Concejo de Cartagena, y a la vez Carlos Raad es visto como uno de los nuevos dirigentes que lograr\u00e1 la m\u00e1s alta votaci\u00f3n en este partido.<\/p>\n<p>Carlos Raad, distinguido con el n\u00famero 7 en el tarjet\u00f3n a Concejo por Cambio Radical, expres\u00f3 que \u00abes hora de generar la transformaci\u00f3n social de la ciudad de Cartagena\u00bb, y se comprometi\u00f3 con una misi\u00f3n especial: \u00abSer\u00e9 el garante de que todas los proyectos de acuerdo que presenten el Concejo vayan encaminados a mejorar la calidad de vida de la gente. Haciendo un control pol\u00edtico serio, honesto y comprometido con Cartagena\u00bb.<\/p>\n<p>en la agenda tem\u00e1tica de Carlos Raad esta el impulso a iniciativas en educaci\u00f3n, y liderar pol\u00edtica de emprendimiento con el \u00e1nimo de cerrar las brechas de las necesidades b\u00e1sicas insatisfechas.<\/p>\n<div id=\"attachment_32069\" style=\"width: 310px\" class=\"wp-caption alignnone\"><img loading=\"lazy\" decoding=\"async\" aria-describedby=\"caption-attachment-32069\" class=\"wp-image-32069 size-medium\" src=\"https:\/\/www.revistazetta.com\/wp-content\/uploads\/2019\/09\/Carlos-Raad-solidez-1-300x188.jpeg\" alt=\"\" width=\"300\" height=\"188\" srcset=\"https:\/\/revistazetta.com\/wp-content\/uploads\/2019\/09\/Carlos-Raad-solidez-1-300x188.jpeg 300w, https:\/\/revistazetta.com\/wp-content\/uploads\/2019\/09\/Carlos-Raad-solidez-1.jpeg 1024w, https:\/\/revistazetta.com\/wp-content\/uploads\/2019\/09\/Carlos-Raad-solidez-1-234x146.jpeg 234w, https:\/\/revistazetta.com\/wp-content\/uploads\/2019\/09\/Carlos-Raad-solidez-1-50x31.jpeg 50w, https:\/\/revistazetta.com\/wp-content\/uploads\/2019\/09\/Carlos-Raad-solidez-1-120x75.jpeg 120w\" sizes=\"auto, (max-width: 300px) 100vw, 300px\" \/><p id=\"caption-attachment-32069\" class=\"wp-caption-text\">Wilmer Valiente, Carlos Raad, Hernando Padau\u00ed, Jorge Redondo.<\/p><\/div>\n<p>&nbsp;<\/p>\n<p><img loading=\"lazy\" decoding=\"async\" class=\"alignnone size-medium wp-image-32070\" src=\"https:\/\/www.revistazetta.com\/wp-content\/uploads\/2019\/09\/Carlos-Raad-solidez-2-300x182.jpg\" alt=\"\" width=\"300\" height=\"182\" srcset=\"https:\/\/revistazetta.com\/wp-content\/uploads\/2019\/09\/Carlos-Raad-solidez-2-300x182.jpg 300w, https:\/\/revistazetta.com\/wp-content\/uploads\/2019\/09\/Carlos-Raad-solidez-2.jpg 1024w, https:\/\/revistazetta.com\/wp-content\/uploads\/2019\/09\/Carlos-Raad-solidez-2-240x146.jpg 240w, https:\/\/revistazetta.com\/wp-content\/uploads\/2019\/09\/Carlos-Raad-solidez-2-50x30.jpg 50w, https:\/\/revistazetta.com\/wp-content\/uploads\/2019\/09\/Carlos-Raad-solidez-2-123x75.jpg 123w\" sizes=\"auto, (max-width: 300px) 100vw, 300px\" \/><\/p>\n<p><img loading=\"lazy\" decoding=\"async\" class=\"alignnone size-medium wp-image-32071\" src=\"https:\/\/www.revistazetta.com\/wp-content\/uploads\/2019\/09\/Carlos-Raad-solidez-3-300x188.jpg\" alt=\"\" width=\"300\" height=\"188\" srcset=\"https:\/\/revistazetta.com\/wp-content\/uploads\/2019\/09\/Carlos-Raad-solidez-3-300x188.jpg 300w, https:\/\/revistazetta.com\/wp-content\/uploads\/2019\/09\/Carlos-Raad-solidez-3.jpg 1024w, https:\/\/revistazetta.com\/wp-content\/uploads\/2019\/09\/Carlos-Raad-solidez-3-234x146.jpg 234w, https:\/\/revistazetta.com\/wp-content\/uploads\/2019\/09\/Carlos-Raad-solidez-3-50x31.jpg 50w, https:\/\/revistazetta.com\/wp-content\/uploads\/2019\/09\/Carlos-Raad-solidez-3-120x75.jpg 120w\" sizes=\"auto, (max-width: 300px) 100vw, 300px\" \/><\/p>\n<p>&nbsp;<\/p>\n","protected":false},"excerpt":{"rendered":"<p>Una nueva gran muestra de solidez pol\u00edtica exhibi\u00f3 el candidato al Concejo de Cambio Radical, Carlos Raad, con firmeza de convicciones y gran cantidad de seguidores. Ante m\u00e1s de 600 personas reunidas en El Barrio El L\u00edbano, Raad de la Ossa se\u00f1al\u00f3 que \u00abes el momento de devolverle la confianza a la ciudadan\u00eda demostr\u00e1ndole que si se puede hacer pol\u00edtica por la gente y para la gente\u00bb. En la reuni\u00f3n le acompa\u00f1aron\u00a0Sandra Garc\u00eda, en representaci\u00f3n de su hermano William Garc\u00eda Tirado, candidato a la Alcald\u00eda de Cartagena; Hernando Padau\u00ed, candidato&#8230; <\/p>\n","protected":false},"author":3,"featured_media":32068,"comment_status":"open","ping_status":"closed","sticky":false,"template":"","format":"standard","meta":{"footnotes":"","_links_to":"","_links_to_target":""},"categories":[75,4],"tags":[],"class_list":["post-32067","post","type-post","status-publish","format-standard","has-post-thumbnail","hentry","category-destacada","category-politica"],"_links":{"self":[{"href":"https:\/\/revistazetta.com\/index.php?rest_route=\/wp\/v2\/posts\/32067","targetHints":{"allow":["GET"]}}],"collection":[{"href":"https:\/\/revistazetta.com\/index.php?rest_route=\/wp\/v2\/posts"}],"about":[{"href":"https:\/\/revistazetta.com\/index.php?rest_route=\/wp\/v2\/types\/post"}],"author":[{"embeddable":true,"href":"https:\/\/revistazetta.com\/index.php?rest_route=\/wp\/v2\/users\/3"}],"replies":[{"embeddable":true,"href":"https:\/\/revistazetta.com\/index.php?rest_route=%2Fwp%2Fv2%2Fcomments&post=32067"}],"version-history":[{"count":0,"href":"https:\/\/revistazetta.com\/index.php?rest_route=\/wp\/v2\/posts\/32067\/revisions"}],"wp:featuredmedia":[{"embeddable":true,"href":"https:\/\/revistazetta.com\/index.php?rest_route=\/wp\/v2\/media\/32068"}],"wp:attachment":[{"href":"https:\/\/revistazetta.com\/index.php?rest_route=%2Fwp%2Fv2%2Fmedia&parent=32067"}],"wp:term":[{"taxonomy":"category","embeddable":true,"href":"https:\/\/revistazetta.com\/index.php?rest_route=%2Fwp%2Fv2%2Fcategories&post=32067"},{"taxonomy":"post_tag","embeddable":true,"href":"https:\/\/revistazetta.com\/index.php?rest_route=%2Fwp%2Fv2%2Ftags&post=32067"}],"curies":[{"name":"wp","href":"https:\/\/api.w.org\/{rel}","templated":true}]}}