{"id":32077,"date":"2019-09-07T14:39:01","date_gmt":"2019-09-07T19:39:01","guid":{"rendered":"http:\/\/www.revistazetta.com\/?p=32077"},"modified":"2019-09-09T03:47:31","modified_gmt":"2019-09-09T08:47:31","slug":"william-garcia-tirado-hablo-capital-semilla-recorrido-bazurto","status":"publish","type":"post","link":"https:\/\/revistazetta.com\/?p=32077","title":{"rendered":"William Garc\u00eda Tirado habl\u00f3 de \u00abCapital Semilla\u00bb en recorrido por Bazurto"},"content":{"rendered":"<p>El candidato a la Alcald\u00eda de Cartagena William Garc\u00eda Tirado le madrug\u00f3 al mercado de Bazurto para exponer su programa de gobierno a los comerciantes.<\/p>\n<p>En su recorrido les socializ\u00f3 su plan de gobierno y su intenci\u00f3n de\u00a0impulsar la econom\u00eda y el comercio, a trav\u00e9s de programas como Capital Semilla, el cual pretende brindar recursos a los cartageneros para que creen microempresa y tengan un sustento diario para sus familias.<\/p>\n<p>\u00abNos parece muy buena la propuesta porque nos va a ayudar en nuestro desarrollo econ\u00f3mico, y tambi\u00e9n la central de acopio va a estar mejor organizada y limpia para que turistas y cartageneros se sientan contentos de venir a comprar nuestros productos\u00bb, expres\u00f3 Juan P\u00e9rez, uno de los vendedores de Bazurto.<\/p>\n<p>En esta marat\u00f3nica visita a la plaza de mercado m\u00e1s grande e importante de la ciudad, William Garc\u00eda Tirado estuvo acompa\u00f1ado del candidato a la Gobernaci\u00f3n de Bol\u00edvar, Hernando Padau\u00ed \u00c1lvarez, del partido Cambio Radical; el candidato al Concejo Distrital, Fernando Ni\u00f1o Mendoza, del partido Conservador, y la candidata al Concejo por el partido ASI Shirlis Bele\u00f1o.<\/p>\n<p><img loading=\"lazy\" decoding=\"async\" class=\"alignnone size-medium wp-image-32079\" src=\"https:\/\/www.revistazetta.com\/wp-content\/uploads\/2019\/09\/PHOTO-2019-09-07-10-40-46-2-300x198.jpg\" alt=\"\" width=\"300\" height=\"198\" srcset=\"https:\/\/revistazetta.com\/wp-content\/uploads\/2019\/09\/PHOTO-2019-09-07-10-40-46-2-300x198.jpg 300w, https:\/\/revistazetta.com\/wp-content\/uploads\/2019\/09\/PHOTO-2019-09-07-10-40-46-2-1024x677.jpg 1024w, https:\/\/revistazetta.com\/wp-content\/uploads\/2019\/09\/PHOTO-2019-09-07-10-40-46-2-221x146.jpg 221w, https:\/\/revistazetta.com\/wp-content\/uploads\/2019\/09\/PHOTO-2019-09-07-10-40-46-2-50x33.jpg 50w, https:\/\/revistazetta.com\/wp-content\/uploads\/2019\/09\/PHOTO-2019-09-07-10-40-46-2-113x75.jpg 113w, https:\/\/revistazetta.com\/wp-content\/uploads\/2019\/09\/PHOTO-2019-09-07-10-40-46-2.jpg 1063w\" sizes=\"auto, (max-width: 300px) 100vw, 300px\" \/><\/p>\n<p><img loading=\"lazy\" decoding=\"async\" class=\"alignnone size-medium wp-image-32080\" src=\"https:\/\/www.revistazetta.com\/wp-content\/uploads\/2019\/09\/PHOTO-2019-09-07-10-40-46-300x232.jpg\" alt=\"\" width=\"300\" height=\"232\" srcset=\"https:\/\/revistazetta.com\/wp-content\/uploads\/2019\/09\/PHOTO-2019-09-07-10-40-46-300x232.jpg 300w, https:\/\/revistazetta.com\/wp-content\/uploads\/2019\/09\/PHOTO-2019-09-07-10-40-46-189x146.jpg 189w, https:\/\/revistazetta.com\/wp-content\/uploads\/2019\/09\/PHOTO-2019-09-07-10-40-46-50x39.jpg 50w, https:\/\/revistazetta.com\/wp-content\/uploads\/2019\/09\/PHOTO-2019-09-07-10-40-46-97x75.jpg 97w, https:\/\/revistazetta.com\/wp-content\/uploads\/2019\/09\/PHOTO-2019-09-07-10-40-46.jpg 910w\" sizes=\"auto, (max-width: 300px) 100vw, 300px\" \/><\/p>\n<p>&nbsp;<\/p>\n","protected":false},"excerpt":{"rendered":"<p>El candidato a la Alcald\u00eda de Cartagena William Garc\u00eda Tirado le madrug\u00f3 al mercado de Bazurto para exponer su programa de gobierno a los comerciantes. En su recorrido les socializ\u00f3 su plan de gobierno y su intenci\u00f3n de\u00a0impulsar la econom\u00eda y el comercio, a trav\u00e9s de programas como Capital Semilla, el cual pretende brindar recursos a los cartageneros para que creen microempresa y tengan un sustento diario para sus familias. \u00abNos parece muy buena la propuesta porque nos va a ayudar en nuestro desarrollo econ\u00f3mico, y tambi\u00e9n la central de&#8230; <\/p>\n","protected":false},"author":3,"featured_media":32078,"comment_status":"open","ping_status":"closed","sticky":false,"template":"","format":"standard","meta":{"footnotes":"","_links_to":"","_links_to_target":""},"categories":[75,4],"tags":[],"class_list":["post-32077","post","type-post","status-publish","format-standard","has-post-thumbnail","hentry","category-destacada","category-politica"],"_links":{"self":[{"href":"https:\/\/revistazetta.com\/index.php?rest_route=\/wp\/v2\/posts\/32077","targetHints":{"allow":["GET"]}}],"collection":[{"href":"https:\/\/revistazetta.com\/index.php?rest_route=\/wp\/v2\/posts"}],"about":[{"href":"https:\/\/revistazetta.com\/index.php?rest_route=\/wp\/v2\/types\/post"}],"author":[{"embeddable":true,"href":"https:\/\/revistazetta.com\/index.php?rest_route=\/wp\/v2\/users\/3"}],"replies":[{"embeddable":true,"href":"https:\/\/revistazetta.com\/index.php?rest_route=%2Fwp%2Fv2%2Fcomments&post=32077"}],"version-history":[{"count":0,"href":"https:\/\/revistazetta.com\/index.php?rest_route=\/wp\/v2\/posts\/32077\/revisions"}],"wp:featuredmedia":[{"embeddable":true,"href":"https:\/\/revistazetta.com\/index.php?rest_route=\/wp\/v2\/media\/32078"}],"wp:attachment":[{"href":"https:\/\/revistazetta.com\/index.php?rest_route=%2Fwp%2Fv2%2Fmedia&parent=32077"}],"wp:term":[{"taxonomy":"category","embeddable":true,"href":"https:\/\/revistazetta.com\/index.php?rest_route=%2Fwp%2Fv2%2Fcategories&post=32077"},{"taxonomy":"post_tag","embeddable":true,"href":"https:\/\/revistazetta.com\/index.php?rest_route=%2Fwp%2Fv2%2Ftags&post=32077"}],"curies":[{"name":"wp","href":"https:\/\/api.w.org\/{rel}","templated":true}]}}